{"id":10906,"date":"2026-04-24T10:45:48","date_gmt":"2026-04-24T09:45:48","guid":{"rendered":"http:\/\/blog.meineigenerweg.de\/?p=10906"},"modified":"2026-04-28T16:19:47","modified_gmt":"2026-04-28T15:19:47","slug":"womo-balkanroute","status":"publish","type":"post","link":"http:\/\/blog.meineigenerweg.de\/?p=10906","title":{"rendered":"WoMo Balkanroute"},"content":{"rendered":"<p>Tag 01<\/p>\n<p>Bei strahlendem Sonnenschein und fr\u00fchlingshaften Temperaturen starten wir heute in unser n\u00e4chstes gro\u00dfes Abenteuer! In wenigen Tagen wollen wir Venedig erreichen, um von dort mit der Autof\u00e4hre nach Griechenland \u00fcberzusetzen. Danach geht es auf dem Landweg quer durch den Balkan zur\u00fcck in Richtung Heimat. Wir sind wahnsinnig gespannt auf all die Eindr\u00fccke und Erlebnisse, die vor uns liegen.<\/p>\n<p>Auf geht\u2019s \u2026<br \/>\n<a style=\"font-size: 0.95em;\" href=\"http:\/\/blog.meineigenerweg.de\/wp-content\/uploads\/2026\/04\/IMG_4467.jpeg\"><img loading=\"lazy\" decoding=\"async\" class=\"alignnone size-medium wp-image-10910\" src=\"http:\/\/blog.meineigenerweg.de\/wp-content\/uploads\/2026\/04\/IMG_4467-300x225.jpeg\" alt=\"\" width=\"300\" height=\"225\" srcset=\"http:\/\/blog.meineigenerweg.de\/wp-content\/uploads\/2026\/04\/IMG_4467-300x225.jpeg 300w, http:\/\/blog.meineigenerweg.de\/wp-content\/uploads\/2026\/04\/IMG_4467-768x576.jpeg 768w, http:\/\/blog.meineigenerweg.de\/wp-content\/uploads\/2026\/04\/IMG_4467.jpeg 1000w\" sizes=\"auto, (max-width: 300px) 100vw, 300px\" \/><\/a><\/p>\n<p>&nbsp;<\/p>\n<p>Tag 02<\/p>\n<p>Wir verbringen einen sch\u00f6nen Tag in Darmstadt.<\/p>\n<p>&nbsp;<\/p>\n<p>Tag 03<\/p>\n<p>Es geht weiter Richtung S\u00fcden nach Freiburg.<\/p>\n<p>&nbsp;<\/p>\n<p>Tag 04<\/p>\n<p>Sonnenschein pur in Freiburg! Endlich warm genug, um drau\u00dfen zu sitzen. Der gro\u00dfe Eisbecher darf dabei nat\u00fcrlich nicht fehlen.<\/p>\n<p>&nbsp;<\/p>\n<p>Tag 05<\/p>\n<p>Obwohl Freiburg zu unseren absoluten Lieblingsorten z\u00e4hlt, zieht es uns heute weiter. Kaum haben wir die Schweizer Grenze \u00fcberquert, zeigen sich am Horizont bereits die ersten schneebedeckten Gipfel.<br \/>\n<a href=\"http:\/\/blog.meineigenerweg.de\/wp-content\/uploads\/2026\/04\/IMG_1210.jpeg\"><img loading=\"lazy\" decoding=\"async\" class=\"alignnone size-medium wp-image-10917\" src=\"http:\/\/blog.meineigenerweg.de\/wp-content\/uploads\/2026\/04\/IMG_1210-300x225.jpeg\" alt=\"\" width=\"300\" height=\"225\" srcset=\"http:\/\/blog.meineigenerweg.de\/wp-content\/uploads\/2026\/04\/IMG_1210-300x225.jpeg 300w, http:\/\/blog.meineigenerweg.de\/wp-content\/uploads\/2026\/04\/IMG_1210-768x576.jpeg 768w, http:\/\/blog.meineigenerweg.de\/wp-content\/uploads\/2026\/04\/IMG_1210.jpeg 1000w\" sizes=\"auto, (max-width: 300px) 100vw, 300px\" \/><\/a><\/p>\n<p>Urspr\u00fcnglich wollten wir in der Schweiz noch einen Zwischenstopp einlegen, aber da wir uns noch fit und munter f\u00fchlten, sind wir direkt bis nach Venedig durchgefahren. Jetzt sind wir in Fusina auf dem Festland \u2013 direkt gegen\u00fcber der Insel Venedig \u2013 und haben einen fantastischen Blick auf die historische Altstadt.<br \/>\n<a href=\"http:\/\/blog.meineigenerweg.de\/wp-content\/uploads\/2026\/04\/IMG_1213.jpeg\"><img loading=\"lazy\" decoding=\"async\" class=\"alignnone size-medium wp-image-10918\" src=\"http:\/\/blog.meineigenerweg.de\/wp-content\/uploads\/2026\/04\/IMG_1213-300x225.jpeg\" alt=\"\" width=\"300\" height=\"225\" srcset=\"http:\/\/blog.meineigenerweg.de\/wp-content\/uploads\/2026\/04\/IMG_1213-300x225.jpeg 300w, http:\/\/blog.meineigenerweg.de\/wp-content\/uploads\/2026\/04\/IMG_1213-768x576.jpeg 768w, http:\/\/blog.meineigenerweg.de\/wp-content\/uploads\/2026\/04\/IMG_1213.jpeg 1000w\" sizes=\"auto, (max-width: 300px) 100vw, 300px\" \/><\/a><\/p>\n<p>&nbsp;<\/p>\n<p>Tag 06<\/p>\n<p>Heute lassen wir einfach mal die Seele baumeln. Es ist faszinierend, den gewaltigen Schiffen zuzusehen, wie sie fast zum Greifen nah durch den Canale dei Petroli\u00a0an uns vorbeigleiten.<\/p>\n<p>&nbsp;<\/p>\n","protected":false},"excerpt":{"rendered":"<p>Tag 01 Bei strahlendem Sonnenschein und fr\u00fchlingshaften Temperaturen starten wir heute in unser n\u00e4chstes gro\u00dfes Abenteuer! In wenigen Tagen wollen wir Venedig erreichen, um von dort mit der Autof\u00e4hre nach Griechenland \u00fcberzusetzen. Danach geht es auf dem Landweg quer durch den Balkan zur\u00fcck in Richtung Heimat. Wir sind wahnsinnig gespannt<\/p>\n","protected":false},"author":1,"featured_media":0,"comment_status":"closed","ping_status":"closed","sticky":false,"template":"","format":"standard","meta":{"footnotes":""},"categories":[1],"tags":[],"class_list":["post-10906","post","type-post","status-publish","format-standard","hentry","category-allgemein"],"_links":{"self":[{"href":"http:\/\/blog.meineigenerweg.de\/index.php?rest_route=\/wp\/v2\/posts\/10906","targetHints":{"allow":["GET"]}}],"collection":[{"href":"http:\/\/blog.meineigenerweg.de\/index.php?rest_route=\/wp\/v2\/posts"}],"about":[{"href":"http:\/\/blog.meineigenerweg.de\/index.php?rest_route=\/wp\/v2\/types\/post"}],"author":[{"embeddable":true,"href":"http:\/\/blog.meineigenerweg.de\/index.php?rest_route=\/wp\/v2\/users\/1"}],"replies":[{"embeddable":true,"href":"http:\/\/blog.meineigenerweg.de\/index.php?rest_route=%2Fwp%2Fv2%2Fcomments&post=10906"}],"version-history":[{"count":10,"href":"http:\/\/blog.meineigenerweg.de\/index.php?rest_route=\/wp\/v2\/posts\/10906\/revisions"}],"predecessor-version":[{"id":10920,"href":"http:\/\/blog.meineigenerweg.de\/index.php?rest_route=\/wp\/v2\/posts\/10906\/revisions\/10920"}],"wp:attachment":[{"href":"http:\/\/blog.meineigenerweg.de\/index.php?rest_route=%2Fwp%2Fv2%2Fmedia&parent=10906"}],"wp:term":[{"taxonomy":"category","embeddable":true,"href":"http:\/\/blog.meineigenerweg.de\/index.php?rest_route=%2Fwp%2Fv2%2Fcategories&post=10906"},{"taxonomy":"post_tag","embeddable":true,"href":"http:\/\/blog.meineigenerweg.de\/index.php?rest_route=%2Fwp%2Fv2%2Ftags&post=10906"}],"curies":[{"name":"wp","href":"https:\/\/api.w.org\/{rel}","templated":true}]}}