{"id":10857,"date":"2025-12-19T17:06:34","date_gmt":"2025-12-19T16:06:34","guid":{"rendered":"http:\/\/blog.meineigenerweg.de\/?p=10857"},"modified":"2025-12-19T17:06:34","modified_gmt":"2025-12-19T16:06:34","slug":"bedburg-hau-schloss-moyland-weihnachtsmarkt","status":"publish","type":"post","link":"http:\/\/blog.meineigenerweg.de\/?p=10857","title":{"rendered":"Bedburg-Hau &#8211; Schloss Moyland &#8211; Weihnachtsmarkt ***"},"content":{"rendered":"<p>13.12.2025<\/p>\n<p><span style=\"color: #0000ff;\"><a style=\"color: #0000ff;\" href=\"https:\/\/moyland.de\/\" target=\"_blank\" rel=\"noopener noreferrer\"><span style=\"text-decoration: underline;\">Schloss Moyland<\/span><\/a><\/span> kennt man vor allem wegen des Joseph-Beuys-Archivs. Unser Ziel war an diesem Adventswochenende jedoch ein ganz anderes: der Weihnachtsmarkt rund um das Schloss.<br \/>\n<a href=\"http:\/\/blog.meineigenerweg.de\/wp-content\/uploads\/2025\/12\/IMG_1949.jpg\"><img loading=\"lazy\" decoding=\"async\" class=\"alignnone size-medium wp-image-10847\" src=\"http:\/\/blog.meineigenerweg.de\/wp-content\/uploads\/2025\/12\/IMG_1949-300x225.jpg\" alt=\"\" width=\"300\" height=\"225\" srcset=\"http:\/\/blog.meineigenerweg.de\/wp-content\/uploads\/2025\/12\/IMG_1949-300x225.jpg 300w, http:\/\/blog.meineigenerweg.de\/wp-content\/uploads\/2025\/12\/IMG_1949-768x576.jpg 768w, http:\/\/blog.meineigenerweg.de\/wp-content\/uploads\/2025\/12\/IMG_1949.jpg 1000w\" sizes=\"auto, (max-width: 300px) 100vw, 300px\" \/><\/a><\/p>\n<p data-start=\"291\" data-end=\"620\">Bei sch\u00f6nem Wetter schlenderten wir entspannt an den zahlreichen St\u00e4nden entlang, die gro\u00dfz\u00fcgig rund um das Schloss verteilt waren. Am Nachmittag war es noch angenehm ruhig \u2013 genau die richtige Stimmung, um in aller Ruhe zu st\u00f6bern. Erst sp\u00e4ter fuhren mehrere Busse mit Besuchern vor, und der Weihnachtsmarkt f\u00fcllte sich sp\u00fcrbar.<\/p>\n<p data-start=\"622\" data-end=\"1018\">Neben den klassischen D\u00fcften von Bratwurst und Gl\u00fchwein entdeckten wir auch einige besondere Spezialit\u00e4ten. Besonders sch\u00f6n: Der Markt bietet K\u00fcnstlern und Hobbyk\u00fcnstlern eine B\u00fchne f\u00fcr ihre Arbeiten. Zwischen den liebevoll dekorierten, bunten St\u00e4nden gab es viel zu sehen \u2013 von handgemachten Kunstwerken bis zu kleinen Unikaten, die zum Verweilen, Staunen und nat\u00fcrlich auch zum Kaufen einladen.<a href=\"http:\/\/blog.meineigenerweg.de\/wp-content\/uploads\/2025\/12\/DSC_4525.jpg\"><img loading=\"lazy\" decoding=\"async\" class=\"alignnone size-medium wp-image-10848\" src=\"http:\/\/blog.meineigenerweg.de\/wp-content\/uploads\/2025\/12\/DSC_4525-300x225.jpg\" alt=\"\" width=\"300\" height=\"225\" srcset=\"http:\/\/blog.meineigenerweg.de\/wp-content\/uploads\/2025\/12\/DSC_4525-300x225.jpg 300w, http:\/\/blog.meineigenerweg.de\/wp-content\/uploads\/2025\/12\/DSC_4525-768x576.jpg 768w, http:\/\/blog.meineigenerweg.de\/wp-content\/uploads\/2025\/12\/DSC_4525.jpg 1000w\" sizes=\"auto, (max-width: 300px) 100vw, 300px\" \/><\/a> <a href=\"http:\/\/blog.meineigenerweg.de\/wp-content\/uploads\/2025\/12\/IMG_1961.jpg\"><img loading=\"lazy\" decoding=\"async\" class=\"alignnone size-medium wp-image-10849\" src=\"http:\/\/blog.meineigenerweg.de\/wp-content\/uploads\/2025\/12\/IMG_1961-300x225.jpg\" alt=\"\" width=\"300\" height=\"225\" srcset=\"http:\/\/blog.meineigenerweg.de\/wp-content\/uploads\/2025\/12\/IMG_1961-300x225.jpg 300w, http:\/\/blog.meineigenerweg.de\/wp-content\/uploads\/2025\/12\/IMG_1961-768x576.jpg 768w, http:\/\/blog.meineigenerweg.de\/wp-content\/uploads\/2025\/12\/IMG_1961.jpg 1000w\" sizes=\"auto, (max-width: 300px) 100vw, 300px\" \/><\/a><br \/>\n<a href=\"http:\/\/blog.meineigenerweg.de\/wp-content\/uploads\/2025\/12\/IMG_1953.jpg\"><img loading=\"lazy\" decoding=\"async\" class=\"alignnone size-medium wp-image-10851\" src=\"http:\/\/blog.meineigenerweg.de\/wp-content\/uploads\/2025\/12\/IMG_1953-300x225.jpg\" alt=\"\" width=\"300\" height=\"225\" srcset=\"http:\/\/blog.meineigenerweg.de\/wp-content\/uploads\/2025\/12\/IMG_1953-300x225.jpg 300w, http:\/\/blog.meineigenerweg.de\/wp-content\/uploads\/2025\/12\/IMG_1953-768x576.jpg 768w, http:\/\/blog.meineigenerweg.de\/wp-content\/uploads\/2025\/12\/IMG_1953.jpg 1000w\" sizes=\"auto, (max-width: 300px) 100vw, 300px\" \/><\/a><\/p>\n<p>&nbsp;<\/p>\n<p><em>Meine Wertung:\u00a0<span style=\"color: #ff0000;\">***<\/span>** nett, aber 10 Euro Eintritt finde ich teuer<\/em><br \/>\n<em>Museum Schloss Moyland<\/em><br \/>\n<em>47551 Bedburg-Hau<\/em><\/p>\n","protected":false},"excerpt":{"rendered":"<p>13.12.2025 Schloss Moyland kennt man vor allem wegen des Joseph-Beuys-Archivs. Unser Ziel war an diesem Adventswochenende jedoch ein ganz anderes: der Weihnachtsmarkt rund um das Schloss. Bei sch\u00f6nem Wetter schlenderten wir entspannt an den zahlreichen St\u00e4nden entlang, die gro\u00dfz\u00fcgig rund um das Schloss verteilt waren. Am Nachmittag war es noch<\/p>\n","protected":false},"author":1,"featured_media":0,"comment_status":"closed","ping_status":"closed","sticky":false,"template":"","format":"standard","meta":{"footnotes":""},"categories":[1],"tags":[],"class_list":["post-10857","post","type-post","status-publish","format-standard","hentry","category-allgemein"],"_links":{"self":[{"href":"http:\/\/blog.meineigenerweg.de\/index.php?rest_route=\/wp\/v2\/posts\/10857","targetHints":{"allow":["GET"]}}],"collection":[{"href":"http:\/\/blog.meineigenerweg.de\/index.php?rest_route=\/wp\/v2\/posts"}],"about":[{"href":"http:\/\/blog.meineigenerweg.de\/index.php?rest_route=\/wp\/v2\/types\/post"}],"author":[{"embeddable":true,"href":"http:\/\/blog.meineigenerweg.de\/index.php?rest_route=\/wp\/v2\/users\/1"}],"replies":[{"embeddable":true,"href":"http:\/\/blog.meineigenerweg.de\/index.php?rest_route=%2Fwp%2Fv2%2Fcomments&post=10857"}],"version-history":[{"count":1,"href":"http:\/\/blog.meineigenerweg.de\/index.php?rest_route=\/wp\/v2\/posts\/10857\/revisions"}],"predecessor-version":[{"id":10858,"href":"http:\/\/blog.meineigenerweg.de\/index.php?rest_route=\/wp\/v2\/posts\/10857\/revisions\/10858"}],"wp:attachment":[{"href":"http:\/\/blog.meineigenerweg.de\/index.php?rest_route=%2Fwp%2Fv2%2Fmedia&parent=10857"}],"wp:term":[{"taxonomy":"category","embeddable":true,"href":"http:\/\/blog.meineigenerweg.de\/index.php?rest_route=%2Fwp%2Fv2%2Fcategories&post=10857"},{"taxonomy":"post_tag","embeddable":true,"href":"http:\/\/blog.meineigenerweg.de\/index.php?rest_route=%2Fwp%2Fv2%2Ftags&post=10857"}],"curies":[{"name":"wp","href":"https:\/\/api.w.org\/{rel}","templated":true}]}}