{"id":10844,"date":"2025-12-14T18:58:16","date_gmt":"2025-12-14T17:58:16","guid":{"rendered":"http:\/\/blog.meineigenerweg.de\/?p=10844"},"modified":"2025-12-14T19:10:09","modified_gmt":"2025-12-14T18:10:09","slug":"dortmund-depot-world-press-photo","status":"publish","type":"post","link":"http:\/\/blog.meineigenerweg.de\/?p=10844","title":{"rendered":"Dortmund &#8211; Depot &#8211; World Press Photo"},"content":{"rendered":"<p>10.11.2025<\/p>\n<p>Es gibt eine neue, wieder sehr beeindruckende Ausstellung der besten Fotos von Pressefotografen <span style=\"color: #0000ff;\"><a style=\"color: #0000ff;\" href=\"https:\/\/www.worldpressphoto.org\/\" target=\"_blank\" rel=\"noopener\"><span style=\"text-decoration: underline;\">World Press Photo<\/span><\/a><\/span>.<\/p>\n<p>Wieder in Dortmund im<span style=\"color: #0000ff;\"> <a style=\"color: #0000ff;\" href=\"http:\/\/www.depotdortmund.de\" target=\"_blank\" rel=\"noopener\"><span style=\"text-decoration: underline;\">Kulturort Depot<\/span><\/a><\/span>.<br \/>\n<a href=\"http:\/\/blog.meineigenerweg.de\/wp-content\/uploads\/2025\/12\/IMG_1393.jpg\"><img loading=\"lazy\" decoding=\"async\" class=\"alignnone size-medium wp-image-10842\" src=\"http:\/\/blog.meineigenerweg.de\/wp-content\/uploads\/2025\/12\/IMG_1393-300x225.jpg\" alt=\"\" width=\"300\" height=\"225\" srcset=\"http:\/\/blog.meineigenerweg.de\/wp-content\/uploads\/2025\/12\/IMG_1393-300x225.jpg 300w, http:\/\/blog.meineigenerweg.de\/wp-content\/uploads\/2025\/12\/IMG_1393-768x576.jpg 768w, http:\/\/blog.meineigenerweg.de\/wp-content\/uploads\/2025\/12\/IMG_1393.jpg 1000w\" sizes=\"auto, (max-width: 300px) 100vw, 300px\" \/><\/a><br \/>\nVerst\u00f6rende Bilder aus den Kriesengebieten dieser Welt die sehr zum Nachdenken anregen.<\/p>\n<p>&nbsp;<\/p>\n<p>23.06.2018<\/p>\n<p>Nachdem Anfang des 20. Jahrhunderts die Dortmunder \u00a0Pferdebahnen elektrifiziert wurden, entstand hier 1915 eine Wagenhalle mit Zentralwerkstatt f\u00fcr die neuen elektrischen Stra\u00dfenbahnen. Bis 1996 wurden hier Stra\u00dfenbahnen gewartet und repariert.<br \/>\n<a href=\"http:\/\/blog.meineigenerweg.de\/wp-content\/uploads\/2018\/06\/IMG_6200-Copy.jpg\"><img loading=\"lazy\" decoding=\"async\" class=\"alignnone size-medium wp-image-5048\" src=\"http:\/\/blog.meineigenerweg.de\/wp-content\/uploads\/2018\/06\/IMG_6200-Copy-300x225.jpg\" alt=\"\" width=\"300\" height=\"225\" srcset=\"http:\/\/blog.meineigenerweg.de\/wp-content\/uploads\/2018\/06\/IMG_6200-Copy-300x225.jpg 300w, http:\/\/blog.meineigenerweg.de\/wp-content\/uploads\/2018\/06\/IMG_6200-Copy-768x576.jpg 768w, http:\/\/blog.meineigenerweg.de\/wp-content\/uploads\/2018\/06\/IMG_6200-Copy.jpg 889w\" sizes=\"auto, (max-width: 300px) 100vw, 300px\" \/><\/a><br \/>\nSeit 2001 wird die Halle als <span style=\"color: #0000ff;\"><a href=\"http:\/\/www.depotdortmund.de\" target=\"_blank\" rel=\"noopener\"><span style=\"text-decoration: underline;\">Kulturort Depot<\/span><\/a><\/span> genutzt und beherbergt unter anderem Ateliers und Designerstudios, sowie eine gro\u00dfe Ausstellungs- und Veranstaltungshalle.<br \/>\n<a href=\"http:\/\/blog.meineigenerweg.de\/wp-content\/uploads\/2018\/06\/IMG_6194-Copy.jpg\"><img loading=\"lazy\" decoding=\"async\" class=\"alignnone size-medium wp-image-5045\" src=\"http:\/\/blog.meineigenerweg.de\/wp-content\/uploads\/2018\/06\/IMG_6194-Copy-300x225.jpg\" alt=\"\" width=\"300\" height=\"225\" srcset=\"http:\/\/blog.meineigenerweg.de\/wp-content\/uploads\/2018\/06\/IMG_6194-Copy-300x225.jpg 300w, http:\/\/blog.meineigenerweg.de\/wp-content\/uploads\/2018\/06\/IMG_6194-Copy-768x576.jpg 768w, http:\/\/blog.meineigenerweg.de\/wp-content\/uploads\/2018\/06\/IMG_6194-Copy.jpg 889w\" sizes=\"auto, (max-width: 300px) 100vw, 300px\" \/><\/a><br \/>\nDer <span style=\"color: #0000ff;\"><a href=\"https:\/\/www.worldpressphoto.org\/\" target=\"_blank\" rel=\"noopener\"><span style=\"text-decoration: underline;\">World Press Photo<\/span><\/a><\/span> Award wird j\u00e4hrlich vergeben und zeichnet in unterschiedlichen Kategorien Pressefotografen f\u00fcr ihre Arbeiten aus. Die Siegerfotos werden im Depot ausgestellt.<br \/>\n<a href=\"http:\/\/blog.meineigenerweg.de\/wp-content\/uploads\/2018\/06\/IMG_6199-Copy.jpg\"><img loading=\"lazy\" decoding=\"async\" class=\"alignnone size-medium wp-image-5047\" src=\"http:\/\/blog.meineigenerweg.de\/wp-content\/uploads\/2018\/06\/IMG_6199-Copy-300x225.jpg\" alt=\"\" width=\"300\" height=\"225\" srcset=\"http:\/\/blog.meineigenerweg.de\/wp-content\/uploads\/2018\/06\/IMG_6199-Copy-300x225.jpg 300w, http:\/\/blog.meineigenerweg.de\/wp-content\/uploads\/2018\/06\/IMG_6199-Copy-768x576.jpg 768w, http:\/\/blog.meineigenerweg.de\/wp-content\/uploads\/2018\/06\/IMG_6199-Copy.jpg 889w\" sizes=\"auto, (max-width: 300px) 100vw, 300px\" \/><\/a><br \/>\nDie Pr\u00e4sentation ist ein wenig lieblos, die Fotos jedoch sind absolut sehenswert und verbreiten eine sehr gro\u00dfe Betroffenheit. Es sind Fotos von zerst\u00f6rten Landschaften, leidenden Tieren, aus Krisengebieten, von Anschl\u00e4gen und Katastrophen und dem Leid das den Menschen widerf\u00e4hrt.<\/p>\n<p><em>Meine Wertung: <span style=\"color: #ff0000;\">****<\/span>* sehenswert<\/em><br \/>\n<em>Kulturort Depot<br \/>\nImmermannstr. 29<br \/>\n44147 Dortmund<\/em><\/p>\n","protected":false},"excerpt":{"rendered":"<p>10.11.2025 Es gibt eine neue, wieder sehr beeindruckende Ausstellung der besten Fotos von Pressefotografen World Press Photo. Wieder in Dortmund im Kulturort Depot. Verst\u00f6rende Bilder aus den Kriesengebieten dieser Welt die sehr zum Nachdenken anregen. &nbsp; 23.06.2018 Nachdem Anfang des 20. Jahrhunderts die Dortmunder \u00a0Pferdebahnen elektrifiziert wurden, entstand hier 1915<\/p>\n","protected":false},"author":1,"featured_media":0,"comment_status":"closed","ping_status":"closed","sticky":false,"template":"","format":"standard","meta":{"footnotes":""},"categories":[1],"tags":[],"class_list":["post-10844","post","type-post","status-publish","format-standard","hentry","category-allgemein"],"_links":{"self":[{"href":"http:\/\/blog.meineigenerweg.de\/index.php?rest_route=\/wp\/v2\/posts\/10844","targetHints":{"allow":["GET"]}}],"collection":[{"href":"http:\/\/blog.meineigenerweg.de\/index.php?rest_route=\/wp\/v2\/posts"}],"about":[{"href":"http:\/\/blog.meineigenerweg.de\/index.php?rest_route=\/wp\/v2\/types\/post"}],"author":[{"embeddable":true,"href":"http:\/\/blog.meineigenerweg.de\/index.php?rest_route=\/wp\/v2\/users\/1"}],"replies":[{"embeddable":true,"href":"http:\/\/blog.meineigenerweg.de\/index.php?rest_route=%2Fwp%2Fv2%2Fcomments&post=10844"}],"version-history":[{"count":1,"href":"http:\/\/blog.meineigenerweg.de\/index.php?rest_route=\/wp\/v2\/posts\/10844\/revisions"}],"predecessor-version":[{"id":10845,"href":"http:\/\/blog.meineigenerweg.de\/index.php?rest_route=\/wp\/v2\/posts\/10844\/revisions\/10845"}],"wp:attachment":[{"href":"http:\/\/blog.meineigenerweg.de\/index.php?rest_route=%2Fwp%2Fv2%2Fmedia&parent=10844"}],"wp:term":[{"taxonomy":"category","embeddable":true,"href":"http:\/\/blog.meineigenerweg.de\/index.php?rest_route=%2Fwp%2Fv2%2Fcategories&post=10844"},{"taxonomy":"post_tag","embeddable":true,"href":"http:\/\/blog.meineigenerweg.de\/index.php?rest_route=%2Fwp%2Fv2%2Ftags&post=10844"}],"curies":[{"name":"wp","href":"https:\/\/api.w.org\/{rel}","templated":true}]}}