{"id":10291,"date":"2025-05-26T13:48:49","date_gmt":"2025-05-26T12:48:49","guid":{"rendered":"http:\/\/blog.meineigenerweg.de\/?p=10291"},"modified":"2025-07-21T12:00:46","modified_gmt":"2025-07-21T11:00:46","slug":"norwegen-rundreise","status":"publish","type":"post","link":"http:\/\/blog.meineigenerweg.de\/?p=10291","title":{"rendered":"Norwegen"},"content":{"rendered":"<p><a href=\"http:\/\/blog.meineigenerweg.de\/wp-content\/uploads\/2025\/07\/001-Route-Karte.png\"><img loading=\"lazy\" decoding=\"async\" class=\"alignnone size-medium wp-image-10603\" src=\"http:\/\/blog.meineigenerweg.de\/wp-content\/uploads\/2025\/07\/001-Route-Karte-300x286.png\" alt=\"\" width=\"300\" height=\"286\" srcset=\"http:\/\/blog.meineigenerweg.de\/wp-content\/uploads\/2025\/07\/001-Route-Karte-300x286.png 300w, http:\/\/blog.meineigenerweg.de\/wp-content\/uploads\/2025\/07\/001-Route-Karte-1024x976.png 1024w, http:\/\/blog.meineigenerweg.de\/wp-content\/uploads\/2025\/07\/001-Route-Karte-768x732.png 768w, http:\/\/blog.meineigenerweg.de\/wp-content\/uploads\/2025\/07\/001-Route-Karte.png 1045w\" sizes=\"auto, (max-width: 300px) 100vw, 300px\" \/><\/a><\/p>\n<p>so sah die Planung aus<\/p>\n<p>&nbsp;<\/p>\n<p>Tag 1<\/p>\n<p>Urlaub ist ja fast wie Weihnachten. Erst kommt es einem unheimlich lang vor, bis es soweit ist, und dann sind die letzten Tage vor Abfahrt da und man muss noch tausend Sachen vorher erledigen. Aber wir haben es geschafft und sitzen endlich im Wohnmobil, auf dem Weg in den Norden. Wie immer wenn es in diese Richtung geht, machen wir einen Zwischenstopp in Bremen.<\/p>\n<p>&nbsp;<\/p>\n<p>Tag 2<\/p>\n<p>Bremen ist immer wieder einen Besuch wert. Ein bisschen durchs <span style=\"color: #0000ff;\"><a href=\"http:\/\/blog.meineigenerweg.de\/?page_id=2318\" target=\"_blank\" rel=\"noopener noreferrer\"><span style=\"text-decoration: underline;\">Schnorr<\/span><\/a><\/span> bummeln, irgendwo nett essen gehen und im <span style=\"color: #0000ff;\"><a href=\"http:\/\/blog.meineigenerweg.de\/?page_id=2218\" target=\"_blank\" rel=\"noopener noreferrer\"><span style=\"text-decoration: underline;\">Viertel<\/span><\/a><\/span> noch etwas trinken und dem multikulturellen Leben zuschauen.<\/p>\n<p>&nbsp;<\/p>\n<p>Tag 3<\/p>\n<p>Unser heutiges Ziel ist der F\u00e4hrhafen in Hirtshals im n\u00f6rdlichsten Zipfel von D\u00e4nemark. Nach der langen Tour von Bremen aus kommen wir am sp\u00e4ten Nachmittag an und \u00fcbernachten direkt am Meer, bevor es morgen Abend auf die F\u00e4hre nach Norwegen geht.<br \/>\n<a href=\"http:\/\/blog.meineigenerweg.de\/wp-content\/uploads\/2025\/05\/IMG_9137.jpeg\"><img loading=\"lazy\" decoding=\"async\" class=\"alignnone size-medium wp-image-10299\" src=\"http:\/\/blog.meineigenerweg.de\/wp-content\/uploads\/2025\/05\/IMG_9137-300x225.jpeg\" alt=\"\" width=\"300\" height=\"225\" srcset=\"http:\/\/blog.meineigenerweg.de\/wp-content\/uploads\/2025\/05\/IMG_9137-300x225.jpeg 300w, http:\/\/blog.meineigenerweg.de\/wp-content\/uploads\/2025\/05\/IMG_9137-768x576.jpeg 768w, http:\/\/blog.meineigenerweg.de\/wp-content\/uploads\/2025\/05\/IMG_9137.jpeg 1000w\" sizes=\"auto, (max-width: 300px) 100vw, 300px\" \/><\/a> <a href=\"http:\/\/blog.meineigenerweg.de\/wp-content\/uploads\/2025\/05\/IMG_9136.jpeg\"><img loading=\"lazy\" decoding=\"async\" class=\"alignnone size-medium wp-image-10300\" src=\"http:\/\/blog.meineigenerweg.de\/wp-content\/uploads\/2025\/05\/IMG_9136-300x225.jpeg\" alt=\"\" width=\"300\" height=\"225\" srcset=\"http:\/\/blog.meineigenerweg.de\/wp-content\/uploads\/2025\/05\/IMG_9136-300x225.jpeg 300w, http:\/\/blog.meineigenerweg.de\/wp-content\/uploads\/2025\/05\/IMG_9136-768x576.jpeg 768w, http:\/\/blog.meineigenerweg.de\/wp-content\/uploads\/2025\/05\/IMG_9136.jpeg 1000w\" sizes=\"auto, (max-width: 300px) 100vw, 300px\" \/><\/a> <a href=\"http:\/\/blog.meineigenerweg.de\/wp-content\/uploads\/2025\/05\/IMG_9135.jpeg\"><img loading=\"lazy\" decoding=\"async\" class=\"alignnone size-medium wp-image-10301\" src=\"http:\/\/blog.meineigenerweg.de\/wp-content\/uploads\/2025\/05\/IMG_9135-300x225.jpeg\" alt=\"\" width=\"300\" height=\"225\" srcset=\"http:\/\/blog.meineigenerweg.de\/wp-content\/uploads\/2025\/05\/IMG_9135-300x225.jpeg 300w, http:\/\/blog.meineigenerweg.de\/wp-content\/uploads\/2025\/05\/IMG_9135-768x576.jpeg 768w, http:\/\/blog.meineigenerweg.de\/wp-content\/uploads\/2025\/05\/IMG_9135.jpeg 1000w\" sizes=\"auto, (max-width: 300px) 100vw, 300px\" \/><\/a><br \/>\n<a href=\"http:\/\/blog.meineigenerweg.de\/wp-content\/uploads\/2025\/05\/IMG_9138.jpeg\"><img loading=\"lazy\" decoding=\"async\" class=\"alignnone size-medium wp-image-10298\" src=\"http:\/\/blog.meineigenerweg.de\/wp-content\/uploads\/2025\/05\/IMG_9138-300x225.jpeg\" alt=\"\" width=\"300\" height=\"225\" srcset=\"http:\/\/blog.meineigenerweg.de\/wp-content\/uploads\/2025\/05\/IMG_9138-300x225.jpeg 300w, http:\/\/blog.meineigenerweg.de\/wp-content\/uploads\/2025\/05\/IMG_9138-768x576.jpeg 768w, http:\/\/blog.meineigenerweg.de\/wp-content\/uploads\/2025\/05\/IMG_9138.jpeg 1000w\" sizes=\"auto, (max-width: 300px) 100vw, 300px\" \/><\/a><\/p>\n<p>&nbsp;<\/p>\n<p>Tag 4<\/p>\n<p>Das Meer ist liegt dunkel und aufgew\u00fchlt vor uns, \u00fcber Nacht ist es st\u00fcrmisch und regnerisch geworden.<br \/>\n<a href=\"http:\/\/blog.meineigenerweg.de\/wp-content\/uploads\/2025\/05\/IMG_9140.jpeg\"><img loading=\"lazy\" decoding=\"async\" class=\"alignnone size-medium wp-image-10303\" src=\"http:\/\/blog.meineigenerweg.de\/wp-content\/uploads\/2025\/05\/IMG_9140-300x225.jpeg\" alt=\"\" width=\"300\" height=\"225\" srcset=\"http:\/\/blog.meineigenerweg.de\/wp-content\/uploads\/2025\/05\/IMG_9140-300x225.jpeg 300w, http:\/\/blog.meineigenerweg.de\/wp-content\/uploads\/2025\/05\/IMG_9140-768x576.jpeg 768w, http:\/\/blog.meineigenerweg.de\/wp-content\/uploads\/2025\/05\/IMG_9140.jpeg 1000w\" sizes=\"auto, (max-width: 300px) 100vw, 300px\" \/><\/a><\/p>\n<p>Wir bummeln einmal durch das niedliche \u00d6rtchen Hirtshals und verbringen den Rest des Tages mit Tee, Keksen und Lesen.<\/p>\n<p>Am sp\u00e4ten Nachmittag reihen wir und dann in die Warteschlange vor der F\u00e4hre ein und bald geht es dann auch los.<br \/>\n<a href=\"http:\/\/blog.meineigenerweg.de\/wp-content\/uploads\/2025\/05\/IMG_9142.jpeg\"><img loading=\"lazy\" decoding=\"async\" class=\"alignnone size-medium wp-image-10304\" src=\"http:\/\/blog.meineigenerweg.de\/wp-content\/uploads\/2025\/05\/IMG_9142-300x225.jpeg\" alt=\"\" width=\"300\" height=\"225\" srcset=\"http:\/\/blog.meineigenerweg.de\/wp-content\/uploads\/2025\/05\/IMG_9142-300x225.jpeg 300w, http:\/\/blog.meineigenerweg.de\/wp-content\/uploads\/2025\/05\/IMG_9142-768x576.jpeg 768w, http:\/\/blog.meineigenerweg.de\/wp-content\/uploads\/2025\/05\/IMG_9142.jpeg 1000w\" sizes=\"auto, (max-width: 300px) 100vw, 300px\" \/><\/a><\/p>\n<p>&nbsp;<\/p>\n<p>Tag 5<\/p>\n<p>Am fr\u00fchen Morgen erreichen wir Stavanger und eine halbe Stunde sp\u00e4ter sind wir auch schon auf dem Campingplatz in der N\u00e4he der Stadt. Wir nutzen das sch\u00f6ne Wetter und machen sofort einen kleinen Stadtbummel.<br \/>\n<a href=\"http:\/\/blog.meineigenerweg.de\/wp-content\/uploads\/2025\/05\/IMG_9144.jpeg\"><img loading=\"lazy\" decoding=\"async\" class=\"alignnone size-medium wp-image-10306\" src=\"http:\/\/blog.meineigenerweg.de\/wp-content\/uploads\/2025\/05\/IMG_9144-300x225.jpeg\" alt=\"\" width=\"300\" height=\"225\" srcset=\"http:\/\/blog.meineigenerweg.de\/wp-content\/uploads\/2025\/05\/IMG_9144-300x225.jpeg 300w, http:\/\/blog.meineigenerweg.de\/wp-content\/uploads\/2025\/05\/IMG_9144-768x576.jpeg 768w, http:\/\/blog.meineigenerweg.de\/wp-content\/uploads\/2025\/05\/IMG_9144.jpeg 1000w\" sizes=\"auto, (max-width: 300px) 100vw, 300px\" \/><\/a><\/p>\n<p>Im Hafen liegt das Ausflugsboot in den Lysefjord abfahrbereit an der Hafenmauer und ob des guten Wetters fahren wir spontan mit.<br \/>\n<a href=\"http:\/\/blog.meineigenerweg.de\/wp-content\/uploads\/2025\/05\/IMG_9146.jpeg\"><img loading=\"lazy\" decoding=\"async\" class=\"alignnone size-medium wp-image-10308\" src=\"http:\/\/blog.meineigenerweg.de\/wp-content\/uploads\/2025\/05\/IMG_9146-300x225.jpeg\" alt=\"\" width=\"300\" height=\"225\" srcset=\"http:\/\/blog.meineigenerweg.de\/wp-content\/uploads\/2025\/05\/IMG_9146-300x225.jpeg 300w, http:\/\/blog.meineigenerweg.de\/wp-content\/uploads\/2025\/05\/IMG_9146-768x576.jpeg 768w, http:\/\/blog.meineigenerweg.de\/wp-content\/uploads\/2025\/05\/IMG_9146.jpeg 1000w\" sizes=\"auto, (max-width: 300px) 100vw, 300px\" \/><\/a><\/p>\n<p>Vorbei an rauschenden Wasserf\u00e4llen<br \/>\n<a href=\"http:\/\/blog.meineigenerweg.de\/wp-content\/uploads\/2025\/05\/IMG_9148.jpeg\"><img loading=\"lazy\" decoding=\"async\" class=\"alignnone size-medium wp-image-10310\" src=\"http:\/\/blog.meineigenerweg.de\/wp-content\/uploads\/2025\/05\/IMG_9148-300x225.jpeg\" alt=\"\" width=\"300\" height=\"225\" srcset=\"http:\/\/blog.meineigenerweg.de\/wp-content\/uploads\/2025\/05\/IMG_9148-300x225.jpeg 300w, http:\/\/blog.meineigenerweg.de\/wp-content\/uploads\/2025\/05\/IMG_9148-768x576.jpeg 768w, http:\/\/blog.meineigenerweg.de\/wp-content\/uploads\/2025\/05\/IMG_9148.jpeg 1000w\" sizes=\"auto, (max-width: 300px) 100vw, 300px\" \/><\/a><\/p>\n<p>bis hin zum Highlight der Tour, dem Preikestolen, der ber\u00fchmten Plattform in 600 mtr H\u00f6he \u00fcber dem Fjord, auf der die Mutigsten die Beine \u00fcber die Kante baumeln lassen.<br \/>\n<a href=\"http:\/\/blog.meineigenerweg.de\/wp-content\/uploads\/2025\/05\/IMG_9151.jpeg\"><img loading=\"lazy\" decoding=\"async\" class=\"alignnone size-medium wp-image-10312\" src=\"http:\/\/blog.meineigenerweg.de\/wp-content\/uploads\/2025\/05\/IMG_9151-209x300.jpeg\" alt=\"\" width=\"209\" height=\"300\" srcset=\"http:\/\/blog.meineigenerweg.de\/wp-content\/uploads\/2025\/05\/IMG_9151-209x300.jpeg 209w, http:\/\/blog.meineigenerweg.de\/wp-content\/uploads\/2025\/05\/IMG_9151-714x1024.jpeg 714w, http:\/\/blog.meineigenerweg.de\/wp-content\/uploads\/2025\/05\/IMG_9151-768x1102.jpeg 768w, http:\/\/blog.meineigenerweg.de\/wp-content\/uploads\/2025\/05\/IMG_9151-1071x1536.jpeg 1071w, http:\/\/blog.meineigenerweg.de\/wp-content\/uploads\/2025\/05\/IMG_9151.jpeg 1146w\" sizes=\"auto, (max-width: 209px) 100vw, 209px\" \/><\/a><\/p>\n<p>&nbsp;<\/p>\n<p>Tag 6<\/p>\n<p>Es ist sch\u00f6n, durch Stavanger zu bummeln und die vielen schneewei\u00dfen H\u00e4user zu bewundern. Es sieht alles sehr gepflegt und -ja, sehr wohlhabend aus! Gro\u00dfe Rasenfl\u00e4chen vor den H\u00e4usern der Au\u00dfenbezirke, frisch gestrichene Fassaden, gl\u00e4nzende D\u00e4cher..<br \/>\n<a href=\"http:\/\/blog.meineigenerweg.de\/wp-content\/uploads\/2025\/05\/IMG_9154.jpeg\"><img loading=\"lazy\" decoding=\"async\" class=\"alignnone size-medium wp-image-10314\" src=\"http:\/\/blog.meineigenerweg.de\/wp-content\/uploads\/2025\/05\/IMG_9154-300x225.jpeg\" alt=\"\" width=\"300\" height=\"225\" srcset=\"http:\/\/blog.meineigenerweg.de\/wp-content\/uploads\/2025\/05\/IMG_9154-300x225.jpeg 300w, http:\/\/blog.meineigenerweg.de\/wp-content\/uploads\/2025\/05\/IMG_9154-768x576.jpeg 768w, http:\/\/blog.meineigenerweg.de\/wp-content\/uploads\/2025\/05\/IMG_9154.jpeg 1000w\" sizes=\"auto, (max-width: 300px) 100vw, 300px\" \/><\/a><br \/>\nDer krasse Gegensatz dazu sind jedoch die \u201eColored Streets\u201c mit ihren vielen bunten H\u00e4usern.<br \/>\n<a href=\"http:\/\/blog.meineigenerweg.de\/wp-content\/uploads\/2025\/05\/IMG_9156.jpeg\"><img loading=\"lazy\" decoding=\"async\" class=\"alignnone size-medium wp-image-10315\" src=\"http:\/\/blog.meineigenerweg.de\/wp-content\/uploads\/2025\/05\/IMG_9156-300x225.jpeg\" alt=\"\" width=\"300\" height=\"225\" srcset=\"http:\/\/blog.meineigenerweg.de\/wp-content\/uploads\/2025\/05\/IMG_9156-300x225.jpeg 300w, http:\/\/blog.meineigenerweg.de\/wp-content\/uploads\/2025\/05\/IMG_9156-768x576.jpeg 768w, http:\/\/blog.meineigenerweg.de\/wp-content\/uploads\/2025\/05\/IMG_9156.jpeg 1000w\" sizes=\"auto, (max-width: 300px) 100vw, 300px\" \/><\/a><br \/>\nUnd nat\u00fcrlich mussten wir hier auch die ber\u00fchmten Cinnamon Buns (Zimtschnecken) ausprobieren.<br \/>\n<a href=\"http:\/\/blog.meineigenerweg.de\/wp-content\/uploads\/2025\/05\/IMG_9159.jpeg\"><img loading=\"lazy\" decoding=\"async\" class=\"alignnone size-medium wp-image-10317\" src=\"http:\/\/blog.meineigenerweg.de\/wp-content\/uploads\/2025\/05\/IMG_9159-300x225.jpeg\" alt=\"\" width=\"300\" height=\"225\" srcset=\"http:\/\/blog.meineigenerweg.de\/wp-content\/uploads\/2025\/05\/IMG_9159-300x225.jpeg 300w, http:\/\/blog.meineigenerweg.de\/wp-content\/uploads\/2025\/05\/IMG_9159-768x576.jpeg 768w, http:\/\/blog.meineigenerweg.de\/wp-content\/uploads\/2025\/05\/IMG_9159.jpeg 1000w\" sizes=\"auto, (max-width: 300px) 100vw, 300px\" \/><\/a><\/p>\n<p>&nbsp;<\/p>\n<p>Tag 7<\/p>\n<p>Leider hat unsere Windschutzscheibe einen dicken Steinschlag abbekommen. Also verbringen wir den Tag damit, eine Werkstadt zu finden und die Scheibe reparieren zu lassen. Zum Gl\u00fcck bekamen wir einen Termin und konnten auch darauf warten.<\/p>\n<p>&nbsp;<\/p>\n<p>Tag 8<\/p>\n<p>Heute verlassen wir Stavanger und fahren durch den Ryfylketunnelen, 300 mtr unter der Wasseroberflache und 20 km lang, unter dem Horgafjord her. Unser Ziel ist der Preikestolen, den wir schon von unten gesehen haben. Jetzt wollen wir ihn auch besteigen.<\/p>\n<p>Es gilt, 500 H\u00f6henmeter und 4 km Wanderweg zu bew\u00e4ltigen. Daf\u00fcr ben\u00f6tigt man aber mindestens 2 Stunden hinauf und dann noch einmal 2 Stunden wieder zur\u00fcck zum Preikestolen Base Camp.<\/p>\n<p>Der Weg ist wirklich eine Herausforderung, aber da der Preikestolen das zweitbeliebteste Ausflugsziel in Norwegen ist, war es auch entsprechend voll.<br \/>\n<a href=\"http:\/\/blog.meineigenerweg.de\/wp-content\/uploads\/2025\/05\/IMG_9162.jpeg\"><img loading=\"lazy\" decoding=\"async\" class=\"alignnone size-medium wp-image-10319\" src=\"http:\/\/blog.meineigenerweg.de\/wp-content\/uploads\/2025\/05\/IMG_9162-300x225.jpeg\" alt=\"\" width=\"300\" height=\"225\" srcset=\"http:\/\/blog.meineigenerweg.de\/wp-content\/uploads\/2025\/05\/IMG_9162-300x225.jpeg 300w, http:\/\/blog.meineigenerweg.de\/wp-content\/uploads\/2025\/05\/IMG_9162-768x576.jpeg 768w, http:\/\/blog.meineigenerweg.de\/wp-content\/uploads\/2025\/05\/IMG_9162.jpeg 1000w\" sizes=\"auto, (max-width: 300px) 100vw, 300px\" \/><\/a> <a href=\"http:\/\/blog.meineigenerweg.de\/wp-content\/uploads\/2025\/05\/IMG_9163.jpeg\"><img loading=\"lazy\" decoding=\"async\" class=\"alignnone size-medium wp-image-10320\" src=\"http:\/\/blog.meineigenerweg.de\/wp-content\/uploads\/2025\/05\/IMG_9163-300x225.jpeg\" alt=\"\" width=\"300\" height=\"225\" srcset=\"http:\/\/blog.meineigenerweg.de\/wp-content\/uploads\/2025\/05\/IMG_9163-300x225.jpeg 300w, http:\/\/blog.meineigenerweg.de\/wp-content\/uploads\/2025\/05\/IMG_9163-768x576.jpeg 768w, http:\/\/blog.meineigenerweg.de\/wp-content\/uploads\/2025\/05\/IMG_9163.jpeg 1000w\" sizes=\"auto, (max-width: 300px) 100vw, 300px\" \/><\/a><\/p>\n<p>Der Weg ist steil, h\u00e4ufig \u00fcber dicke Felsbrocken, da heisst es eher klettern als wandern. An einigen Stellen wird er sehr schmal und daneben geht es steil bergab.<br \/>\n<a href=\"http:\/\/blog.meineigenerweg.de\/wp-content\/uploads\/2025\/05\/IMG_9165.jpeg\"><img loading=\"lazy\" decoding=\"async\" class=\"alignnone size-medium wp-image-10321\" src=\"http:\/\/blog.meineigenerweg.de\/wp-content\/uploads\/2025\/05\/IMG_9165-300x225.jpeg\" alt=\"\" width=\"300\" height=\"225\" srcset=\"http:\/\/blog.meineigenerweg.de\/wp-content\/uploads\/2025\/05\/IMG_9165-300x225.jpeg 300w, http:\/\/blog.meineigenerweg.de\/wp-content\/uploads\/2025\/05\/IMG_9165-768x576.jpeg 768w, http:\/\/blog.meineigenerweg.de\/wp-content\/uploads\/2025\/05\/IMG_9165.jpeg 1000w\" sizes=\"auto, (max-width: 300px) 100vw, 300px\" \/><\/a><\/p>\n<p>Die M\u00fchen lohnen sich, man hat eine fantastische Aussicht auf den Lysefjord. An der Kante zu stehen und 604 mtr senkrecht in die Tiefe schauen zu k\u00f6nnen, macht schon einsehe prickelndes Gef\u00fchl!<br \/>\n<a href=\"http:\/\/blog.meineigenerweg.de\/wp-content\/uploads\/2025\/05\/IMG_9169.jpeg\"><img loading=\"lazy\" decoding=\"async\" class=\"alignnone size-medium wp-image-10322\" src=\"http:\/\/blog.meineigenerweg.de\/wp-content\/uploads\/2025\/05\/IMG_9169-300x225.jpeg\" alt=\"\" width=\"300\" height=\"225\" srcset=\"http:\/\/blog.meineigenerweg.de\/wp-content\/uploads\/2025\/05\/IMG_9169-300x225.jpeg 300w, http:\/\/blog.meineigenerweg.de\/wp-content\/uploads\/2025\/05\/IMG_9169-768x576.jpeg 768w, http:\/\/blog.meineigenerweg.de\/wp-content\/uploads\/2025\/05\/IMG_9169.jpeg 1000w\" sizes=\"auto, (max-width: 300px) 100vw, 300px\" \/><\/a> <a href=\"http:\/\/blog.meineigenerweg.de\/wp-content\/uploads\/2025\/05\/IMG_9168.jpeg\"><img loading=\"lazy\" decoding=\"async\" class=\"alignnone size-medium wp-image-10323\" src=\"http:\/\/blog.meineigenerweg.de\/wp-content\/uploads\/2025\/05\/IMG_9168-300x225.jpeg\" alt=\"\" width=\"300\" height=\"225\" srcset=\"http:\/\/blog.meineigenerweg.de\/wp-content\/uploads\/2025\/05\/IMG_9168-300x225.jpeg 300w, http:\/\/blog.meineigenerweg.de\/wp-content\/uploads\/2025\/05\/IMG_9168-768x576.jpeg 768w, http:\/\/blog.meineigenerweg.de\/wp-content\/uploads\/2025\/05\/IMG_9168.jpeg 1000w\" sizes=\"auto, (max-width: 300px) 100vw, 300px\" \/> <\/a><br \/>\n<a href=\"http:\/\/blog.meineigenerweg.de\/wp-content\/uploads\/2025\/05\/IMG_9171.jpeg\"><img loading=\"lazy\" decoding=\"async\" class=\"alignnone size-medium wp-image-10324\" src=\"http:\/\/blog.meineigenerweg.de\/wp-content\/uploads\/2025\/05\/IMG_9171-300x225.jpeg\" alt=\"\" width=\"300\" height=\"225\" srcset=\"http:\/\/blog.meineigenerweg.de\/wp-content\/uploads\/2025\/05\/IMG_9171-300x225.jpeg 300w, http:\/\/blog.meineigenerweg.de\/wp-content\/uploads\/2025\/05\/IMG_9171-768x576.jpeg 768w, http:\/\/blog.meineigenerweg.de\/wp-content\/uploads\/2025\/05\/IMG_9171.jpeg 1000w\" sizes=\"auto, (max-width: 300px) 100vw, 300px\" \/><\/a><\/p>\n<p>&nbsp;<\/p>\n<p>Tag 9<\/p>\n<p>Weiter Richtung Norden.<\/p>\n<p>Unterwegs schauen wir uns Petroglyphen an, alte Wickingerzeichnungen, oder, genauer, Ritzungen im Fels, aus der Bronzezeit vor ca. 3500-4000 Jahren. Leider muss man sehr viel Fantasie mitbringen um die Ritzungen \u00fcberhaupt zu erkennen.<br \/>\nSo soll es einmal ausgesehen haben<br \/>\n<a href=\"http:\/\/blog.meineigenerweg.de\/wp-content\/uploads\/2025\/05\/IMG_9174.jpeg\"><img loading=\"lazy\" decoding=\"async\" class=\"alignnone size-medium wp-image-10326\" src=\"http:\/\/blog.meineigenerweg.de\/wp-content\/uploads\/2025\/05\/IMG_9174-300x225.jpeg\" alt=\"\" width=\"300\" height=\"225\" srcset=\"http:\/\/blog.meineigenerweg.de\/wp-content\/uploads\/2025\/05\/IMG_9174-300x225.jpeg 300w, http:\/\/blog.meineigenerweg.de\/wp-content\/uploads\/2025\/05\/IMG_9174-768x576.jpeg 768w, http:\/\/blog.meineigenerweg.de\/wp-content\/uploads\/2025\/05\/IMG_9174.jpeg 1000w\" sizes=\"auto, (max-width: 300px) 100vw, 300px\" \/><\/a><br \/>\nund das kann man heute noch erkennen.<br \/>\n<a href=\"http:\/\/blog.meineigenerweg.de\/wp-content\/uploads\/2025\/05\/IMG_9175.jpeg\"><img loading=\"lazy\" decoding=\"async\" class=\"alignnone size-medium wp-image-10327\" src=\"http:\/\/blog.meineigenerweg.de\/wp-content\/uploads\/2025\/05\/IMG_9175-300x225.jpeg\" alt=\"\" width=\"300\" height=\"225\" srcset=\"http:\/\/blog.meineigenerweg.de\/wp-content\/uploads\/2025\/05\/IMG_9175-300x225.jpeg 300w, http:\/\/blog.meineigenerweg.de\/wp-content\/uploads\/2025\/05\/IMG_9175-768x576.jpeg 768w, http:\/\/blog.meineigenerweg.de\/wp-content\/uploads\/2025\/05\/IMG_9175.jpeg 1000w\" sizes=\"auto, (max-width: 300px) 100vw, 300px\" \/><\/a><\/p>\n<p>In Glasskjellaren haben wir eine K\u00fcnsterlin besucht, die aus Bruchglas neue Kunstwerke erschafft.<br \/>\n<a href=\"http:\/\/blog.meineigenerweg.de\/wp-content\/uploads\/2025\/05\/IMG_9179.jpeg\"><img loading=\"lazy\" decoding=\"async\" class=\"alignnone size-medium wp-image-10328\" src=\"http:\/\/blog.meineigenerweg.de\/wp-content\/uploads\/2025\/05\/IMG_9179-300x225.jpeg\" alt=\"\" width=\"300\" height=\"225\" srcset=\"http:\/\/blog.meineigenerweg.de\/wp-content\/uploads\/2025\/05\/IMG_9179-300x225.jpeg 300w, http:\/\/blog.meineigenerweg.de\/wp-content\/uploads\/2025\/05\/IMG_9179-768x576.jpeg 768w, http:\/\/blog.meineigenerweg.de\/wp-content\/uploads\/2025\/05\/IMG_9179.jpeg 1000w\" sizes=\"auto, (max-width: 300px) 100vw, 300px\" \/><\/a> <a href=\"http:\/\/blog.meineigenerweg.de\/wp-content\/uploads\/2025\/05\/IMG_9180.jpeg\"><img loading=\"lazy\" decoding=\"async\" class=\"alignnone size-medium wp-image-10329\" src=\"http:\/\/blog.meineigenerweg.de\/wp-content\/uploads\/2025\/05\/IMG_9180-300x225.jpeg\" alt=\"\" width=\"300\" height=\"225\" srcset=\"http:\/\/blog.meineigenerweg.de\/wp-content\/uploads\/2025\/05\/IMG_9180-300x225.jpeg 300w, http:\/\/blog.meineigenerweg.de\/wp-content\/uploads\/2025\/05\/IMG_9180-768x576.jpeg 768w, http:\/\/blog.meineigenerweg.de\/wp-content\/uploads\/2025\/05\/IMG_9180.jpeg 1000w\" sizes=\"auto, (max-width: 300px) 100vw, 300px\" \/><\/a><\/p>\n<p>Unsere erste Fjordf\u00e4hre f\u00fchrt uns \u00fcber den Hjelmelandsfjorden.<br \/>\n<a href=\"http:\/\/blog.meineigenerweg.de\/wp-content\/uploads\/2025\/05\/IMG_9182.jpeg\"><img loading=\"lazy\" decoding=\"async\" class=\"alignnone size-medium wp-image-10331\" src=\"http:\/\/blog.meineigenerweg.de\/wp-content\/uploads\/2025\/05\/IMG_9182-300x225.jpeg\" alt=\"\" width=\"300\" height=\"225\" srcset=\"http:\/\/blog.meineigenerweg.de\/wp-content\/uploads\/2025\/05\/IMG_9182-300x225.jpeg 300w, http:\/\/blog.meineigenerweg.de\/wp-content\/uploads\/2025\/05\/IMG_9182-768x576.jpeg 768w, http:\/\/blog.meineigenerweg.de\/wp-content\/uploads\/2025\/05\/IMG_9182.jpeg 1000w\" sizes=\"auto, (max-width: 300px) 100vw, 300px\" \/><\/a><\/p>\n<p>Der Weg ist das Ziel &#8211; so kommt es uns bei dieser wunderbaren Landschaft unterwegs vor.<br \/>\n<a href=\"http:\/\/blog.meineigenerweg.de\/wp-content\/uploads\/2025\/05\/IMG_9189.jpeg\"><img loading=\"lazy\" decoding=\"async\" class=\"alignnone size-medium wp-image-10332\" src=\"http:\/\/blog.meineigenerweg.de\/wp-content\/uploads\/2025\/05\/IMG_9189-300x210.jpeg\" alt=\"\" width=\"300\" height=\"210\" srcset=\"http:\/\/blog.meineigenerweg.de\/wp-content\/uploads\/2025\/05\/IMG_9189-300x210.jpeg 300w, http:\/\/blog.meineigenerweg.de\/wp-content\/uploads\/2025\/05\/IMG_9189-768x538.jpeg 768w, http:\/\/blog.meineigenerweg.de\/wp-content\/uploads\/2025\/05\/IMG_9189.jpeg 1000w\" sizes=\"auto, (max-width: 300px) 100vw, 300px\" \/><\/a> <a href=\"http:\/\/blog.meineigenerweg.de\/wp-content\/uploads\/2025\/05\/IMG_9190.jpeg\"><img loading=\"lazy\" decoding=\"async\" class=\"alignnone size-medium wp-image-10333\" src=\"http:\/\/blog.meineigenerweg.de\/wp-content\/uploads\/2025\/05\/IMG_9190-300x225.jpeg\" alt=\"\" width=\"300\" height=\"225\" srcset=\"http:\/\/blog.meineigenerweg.de\/wp-content\/uploads\/2025\/05\/IMG_9190-300x225.jpeg 300w, http:\/\/blog.meineigenerweg.de\/wp-content\/uploads\/2025\/05\/IMG_9190-768x576.jpeg 768w, http:\/\/blog.meineigenerweg.de\/wp-content\/uploads\/2025\/05\/IMG_9190.jpeg 1000w\" sizes=\"auto, (max-width: 300px) 100vw, 300px\" \/><\/a><br \/>\nSchlie\u00dflich sind wir in Sand angekommen und haben einen Stellplatz direkt am Wasser mit Blick auf das \u00d6rtchen und den Fjord bekommen.<br \/>\n<a href=\"http:\/\/blog.meineigenerweg.de\/wp-content\/uploads\/2025\/05\/IMG_9191.jpeg\"><img loading=\"lazy\" decoding=\"async\" class=\"alignnone size-medium wp-image-10334\" src=\"http:\/\/blog.meineigenerweg.de\/wp-content\/uploads\/2025\/05\/IMG_9191-300x225.jpeg\" alt=\"\" width=\"300\" height=\"225\" srcset=\"http:\/\/blog.meineigenerweg.de\/wp-content\/uploads\/2025\/05\/IMG_9191-300x225.jpeg 300w, http:\/\/blog.meineigenerweg.de\/wp-content\/uploads\/2025\/05\/IMG_9191-768x576.jpeg 768w, http:\/\/blog.meineigenerweg.de\/wp-content\/uploads\/2025\/05\/IMG_9191.jpeg 1000w\" sizes=\"auto, (max-width: 300px) 100vw, 300px\" \/><\/a> <a href=\"http:\/\/blog.meineigenerweg.de\/wp-content\/uploads\/2025\/05\/IMG_9193.jpeg\"><img loading=\"lazy\" decoding=\"async\" class=\"alignnone size-medium wp-image-10335\" src=\"http:\/\/blog.meineigenerweg.de\/wp-content\/uploads\/2025\/05\/IMG_9193-300x225.jpeg\" alt=\"\" width=\"300\" height=\"225\" srcset=\"http:\/\/blog.meineigenerweg.de\/wp-content\/uploads\/2025\/05\/IMG_9193-300x225.jpeg 300w, http:\/\/blog.meineigenerweg.de\/wp-content\/uploads\/2025\/05\/IMG_9193-768x576.jpeg 768w, http:\/\/blog.meineigenerweg.de\/wp-content\/uploads\/2025\/05\/IMG_9193.jpeg 1000w\" sizes=\"auto, (max-width: 300px) 100vw, 300px\" \/><\/a><\/p>\n<p>&nbsp;<\/p>\n<p>Tag 10<\/p>\n<p>Heute sind wir in Sand geblieben, es ist hier sehr ruhig und idyllisch, au\u00dferdem regnet es den ganzen Vormittag.<\/p>\n<p>Am Nachmittag machen wir eine Wanderung zur Br\u00fccke H\u00f8se Brua die \u00fcber den Fluss Suldalsl\u00e5gen f\u00fchrt. Im Reisef\u00fchrer wird sie als Kunstwerk mit Meditationsraum bezeichnet\u2026 na ja.<br \/>\n<a href=\"http:\/\/blog.meineigenerweg.de\/wp-content\/uploads\/2025\/05\/IMG_9198.jpeg\"><img loading=\"lazy\" decoding=\"async\" class=\"alignnone size-medium wp-image-10338\" src=\"http:\/\/blog.meineigenerweg.de\/wp-content\/uploads\/2025\/05\/IMG_9198-300x225.jpeg\" alt=\"\" width=\"300\" height=\"225\" srcset=\"http:\/\/blog.meineigenerweg.de\/wp-content\/uploads\/2025\/05\/IMG_9198-300x225.jpeg 300w, http:\/\/blog.meineigenerweg.de\/wp-content\/uploads\/2025\/05\/IMG_9198-768x576.jpeg 768w, http:\/\/blog.meineigenerweg.de\/wp-content\/uploads\/2025\/05\/IMG_9198.jpeg 1000w\" sizes=\"auto, (max-width: 300px) 100vw, 300px\" \/><\/a> <a href=\"http:\/\/blog.meineigenerweg.de\/wp-content\/uploads\/2025\/05\/IMG_9199.jpeg\"><img loading=\"lazy\" decoding=\"async\" class=\"alignnone size-medium wp-image-10339\" src=\"http:\/\/blog.meineigenerweg.de\/wp-content\/uploads\/2025\/05\/IMG_9199-300x225.jpeg\" alt=\"\" width=\"300\" height=\"225\" srcset=\"http:\/\/blog.meineigenerweg.de\/wp-content\/uploads\/2025\/05\/IMG_9199-300x225.jpeg 300w, http:\/\/blog.meineigenerweg.de\/wp-content\/uploads\/2025\/05\/IMG_9199-768x576.jpeg 768w, http:\/\/blog.meineigenerweg.de\/wp-content\/uploads\/2025\/05\/IMG_9199.jpeg 1000w\" sizes=\"auto, (max-width: 300px) 100vw, 300px\" \/><\/a><\/p>\n<p>Ganz in der N\u00e4he ist ein kleiner Wasserfall, hier gibt es eine Lachs-Beobachtungs-Station. Ab Mitte Juni kann man die Lachse durch eine Glasscheibe beobachten, wie sie den Wasserfall hinaufspringen, um zu ihren Laichgr\u00fcnden flussaufw\u00e4rts zu gelangen. Da m\u00fcssen wir in 14 Tagen wohl noch einmal hierher kommen!<br \/>\n<a href=\"http:\/\/blog.meineigenerweg.de\/wp-content\/uploads\/2025\/05\/IMG_9202.jpeg\"><img loading=\"lazy\" decoding=\"async\" class=\"alignnone size-medium wp-image-10340\" src=\"http:\/\/blog.meineigenerweg.de\/wp-content\/uploads\/2025\/05\/IMG_9202-300x225.jpeg\" alt=\"\" width=\"300\" height=\"225\" srcset=\"http:\/\/blog.meineigenerweg.de\/wp-content\/uploads\/2025\/05\/IMG_9202-300x225.jpeg 300w, http:\/\/blog.meineigenerweg.de\/wp-content\/uploads\/2025\/05\/IMG_9202-768x576.jpeg 768w, http:\/\/blog.meineigenerweg.de\/wp-content\/uploads\/2025\/05\/IMG_9202.jpeg 1000w\" sizes=\"auto, (max-width: 300px) 100vw, 300px\" \/><\/a><\/p>\n<p>&nbsp;<\/p>\n<p>Tag 11<\/p>\n<p>Wir machen uns auf Richtung R\u00f8ldal. Auf der S13 ist der Weg das Ziel,<br \/>\nder erste Stopp ist die alte Wasserm\u00fchle Kvednahol.<br \/>\nDas Wasser rauscht zwar immer noch, aber die alte Wasserm\u00fchle klappert schon lange nicht mehr.<br \/>\n<a href=\"http:\/\/blog.meineigenerweg.de\/wp-content\/uploads\/2025\/05\/IMG_9204.jpeg\"><img loading=\"lazy\" decoding=\"async\" class=\"alignnone size-medium wp-image-10347\" src=\"http:\/\/blog.meineigenerweg.de\/wp-content\/uploads\/2025\/05\/IMG_9204-300x225.jpeg\" alt=\"\" width=\"300\" height=\"225\" srcset=\"http:\/\/blog.meineigenerweg.de\/wp-content\/uploads\/2025\/05\/IMG_9204-300x225.jpeg 300w, http:\/\/blog.meineigenerweg.de\/wp-content\/uploads\/2025\/05\/IMG_9204-768x576.jpeg 768w, http:\/\/blog.meineigenerweg.de\/wp-content\/uploads\/2025\/05\/IMG_9204.jpeg 1000w\" sizes=\"auto, (max-width: 300px) 100vw, 300px\" \/><\/a><\/p>\n<p>Auch das alte Dorf Kolbeinstveit ist nur noch ein kleines Freilichtmuseum. Hier stehen eine Handvoll H\u00e4user aus der Zeit um 1850.<br \/>\n<a href=\"http:\/\/blog.meineigenerweg.de\/wp-content\/uploads\/2025\/05\/IMG_9209.jpeg\"><img loading=\"lazy\" decoding=\"async\" class=\"alignnone size-medium wp-image-10349\" src=\"http:\/\/blog.meineigenerweg.de\/wp-content\/uploads\/2025\/05\/IMG_9209-300x225.jpeg\" alt=\"\" width=\"300\" height=\"225\" srcset=\"http:\/\/blog.meineigenerweg.de\/wp-content\/uploads\/2025\/05\/IMG_9209-300x225.jpeg 300w, http:\/\/blog.meineigenerweg.de\/wp-content\/uploads\/2025\/05\/IMG_9209-768x576.jpeg 768w, http:\/\/blog.meineigenerweg.de\/wp-content\/uploads\/2025\/05\/IMG_9209.jpeg 1000w\" sizes=\"auto, (max-width: 300px) 100vw, 300px\" \/><\/a><br \/>\nHeutzutage kann man sich gar nicht vorstellen, dass unsere Vorfahren so \u00e4rmlich gelebt haben. Au\u00dfer einer Feuerstelle und zwei Schlafstellen gab es nichts in den kargen H\u00e4uschen.<br \/>\n<a href=\"http:\/\/blog.meineigenerweg.de\/wp-content\/uploads\/2025\/05\/IMG_9210.jpeg\"><img loading=\"lazy\" decoding=\"async\" class=\"alignnone size-medium wp-image-10350\" src=\"http:\/\/blog.meineigenerweg.de\/wp-content\/uploads\/2025\/05\/IMG_9210-300x225.jpeg\" alt=\"\" width=\"300\" height=\"225\" srcset=\"http:\/\/blog.meineigenerweg.de\/wp-content\/uploads\/2025\/05\/IMG_9210-300x225.jpeg 300w, http:\/\/blog.meineigenerweg.de\/wp-content\/uploads\/2025\/05\/IMG_9210-768x576.jpeg 768w, http:\/\/blog.meineigenerweg.de\/wp-content\/uploads\/2025\/05\/IMG_9210.jpeg 1000w\" sizes=\"auto, (max-width: 300px) 100vw, 300px\" \/><\/a><\/p>\n<p>Der See Suldalsvatnet wird an einer Stelle von zwei Bergen eingeengt der Suldalsporten. (Zum Gl\u00fcck nicht geeignet f\u00fcr Kreuzfahrtschiffe)<br \/>\n<a href=\"http:\/\/blog.meineigenerweg.de\/wp-content\/uploads\/2025\/05\/IMG_9212.jpeg\"><img loading=\"lazy\" decoding=\"async\" class=\"alignnone size-medium wp-image-10352\" src=\"http:\/\/blog.meineigenerweg.de\/wp-content\/uploads\/2025\/05\/IMG_9212-300x225.jpeg\" alt=\"\" width=\"300\" height=\"225\" srcset=\"http:\/\/blog.meineigenerweg.de\/wp-content\/uploads\/2025\/05\/IMG_9212-300x225.jpeg 300w, http:\/\/blog.meineigenerweg.de\/wp-content\/uploads\/2025\/05\/IMG_9212-768x576.jpeg 768w, http:\/\/blog.meineigenerweg.de\/wp-content\/uploads\/2025\/05\/IMG_9212.jpeg 1000w\" sizes=\"auto, (max-width: 300px) 100vw, 300px\" \/><\/a><\/p>\n<p>Unser letzter Stopp auf der Strecke ist am Wasserfall Flesefossen. Unterwegs haben wir zwar immer wieder d\u00fcnne Rinnsale von den Bergen herunter kommen sehen, aber dieser Wasserfall ist bisher der gewaltigste.<br \/>\n<a href=\"http:\/\/blog.meineigenerweg.de\/wp-content\/uploads\/2025\/05\/IMG_9214-1.jpeg\"><img loading=\"lazy\" decoding=\"async\" class=\"alignnone size-medium wp-image-10355\" src=\"http:\/\/blog.meineigenerweg.de\/wp-content\/uploads\/2025\/05\/IMG_9214-1-300x225.jpeg\" alt=\"\" width=\"300\" height=\"225\" srcset=\"http:\/\/blog.meineigenerweg.de\/wp-content\/uploads\/2025\/05\/IMG_9214-1-300x225.jpeg 300w, http:\/\/blog.meineigenerweg.de\/wp-content\/uploads\/2025\/05\/IMG_9214-1-768x576.jpeg 768w, http:\/\/blog.meineigenerweg.de\/wp-content\/uploads\/2025\/05\/IMG_9214-1.jpeg 1000w\" sizes=\"auto, (max-width: 300px) 100vw, 300px\" \/><\/a><\/p>\n<p>F\u00fcr heute haben wir unser Tagesziel erreicht. Inzwischen regnet es aus dicken Wolken, wie eigentlich immer im Laufe der letzten Tage, aber wir hoffen morgen erneut auf Sonnenschein!<br \/>\n<a href=\"http:\/\/blog.meineigenerweg.de\/wp-content\/uploads\/2025\/05\/IMG_9217.jpeg\"><img loading=\"lazy\" decoding=\"async\" class=\"alignnone size-medium wp-image-10357\" src=\"http:\/\/blog.meineigenerweg.de\/wp-content\/uploads\/2025\/05\/IMG_9217-300x225.jpeg\" alt=\"\" width=\"300\" height=\"225\" srcset=\"http:\/\/blog.meineigenerweg.de\/wp-content\/uploads\/2025\/05\/IMG_9217-300x225.jpeg 300w, http:\/\/blog.meineigenerweg.de\/wp-content\/uploads\/2025\/05\/IMG_9217-768x576.jpeg 768w, http:\/\/blog.meineigenerweg.de\/wp-content\/uploads\/2025\/05\/IMG_9217.jpeg 1000w\" sizes=\"auto, (max-width: 300px) 100vw, 300px\" \/><\/a><\/p>\n<p>&nbsp;<\/p>\n<p>Tag 12<\/p>\n<p>Gestern sind wir in R\u00f8ldal angekommen, ja, bei Regen, das tut es heute fr\u00fch immer noch. Die Temperatur ist \u00fcber Nacht auf 5 Grad gefallen. Gut, dass wir eine leistungsf\u00e4hige Heizung haben! Vom schlechten Wetter lassen wir uns aber nicht abhalten und machen uns auf den Weg, um in R\u00f8ldal die Stabkirche aus dem Jahr 1250 anzusehen. Diese Kirchen hei\u00dfen \u201eStabkirche\u201c, weil sie auf senkrechten Holzbalken, den St\u00e4ben, aufgebaut sind. Die gesamte Kirche besteht ausschlie\u00dflich aus Holz.<br \/>\n<a href=\"http:\/\/blog.meineigenerweg.de\/wp-content\/uploads\/2025\/05\/IMG_9219.jpeg\"><img loading=\"lazy\" decoding=\"async\" class=\"alignnone size-medium wp-image-10362\" src=\"http:\/\/blog.meineigenerweg.de\/wp-content\/uploads\/2025\/05\/IMG_9219-300x225.jpeg\" alt=\"\" width=\"300\" height=\"225\" srcset=\"http:\/\/blog.meineigenerweg.de\/wp-content\/uploads\/2025\/05\/IMG_9219-300x225.jpeg 300w, http:\/\/blog.meineigenerweg.de\/wp-content\/uploads\/2025\/05\/IMG_9219-768x576.jpeg 768w, http:\/\/blog.meineigenerweg.de\/wp-content\/uploads\/2025\/05\/IMG_9219.jpeg 1000w\" sizes=\"auto, (max-width: 300px) 100vw, 300px\" \/><\/a><\/p>\n<p>Wir fahren durch eine wilde Berglandschaft. Selbst jetzt im Juni sind die Kuppen der Berge noch mit Schnee bedeckt.<br \/>\n<a href=\"http:\/\/blog.meineigenerweg.de\/wp-content\/uploads\/2025\/05\/IMG_9221.jpeg\"><img loading=\"lazy\" decoding=\"async\" class=\"alignnone size-medium wp-image-10363\" src=\"http:\/\/blog.meineigenerweg.de\/wp-content\/uploads\/2025\/05\/IMG_9221-300x225.jpeg\" alt=\"\" width=\"300\" height=\"225\" srcset=\"http:\/\/blog.meineigenerweg.de\/wp-content\/uploads\/2025\/05\/IMG_9221-300x225.jpeg 300w, http:\/\/blog.meineigenerweg.de\/wp-content\/uploads\/2025\/05\/IMG_9221-768x576.jpeg 768w, http:\/\/blog.meineigenerweg.de\/wp-content\/uploads\/2025\/05\/IMG_9221.jpeg 1000w\" sizes=\"auto, (max-width: 300px) 100vw, 300px\" \/><\/a><\/p>\n<p>Man sollte schon Regenjacken dabei haben, wenn man den L\u00e5tefossen Wasserfall besichtigt. An gleich zwei Wasserf\u00e4llen st\u00fcrzt das Wasser tosende aus 165 mtr H\u00f6he \u00fcber mehrere Kaskaden in die Tiefe.<br \/>\n<a href=\"http:\/\/blog.meineigenerweg.de\/wp-content\/uploads\/2025\/05\/IMG_9223.jpeg\"><img loading=\"lazy\" decoding=\"async\" class=\"alignnone size-medium wp-image-10365\" src=\"http:\/\/blog.meineigenerweg.de\/wp-content\/uploads\/2025\/05\/IMG_9223-300x225.jpeg\" alt=\"\" width=\"300\" height=\"225\" srcset=\"http:\/\/blog.meineigenerweg.de\/wp-content\/uploads\/2025\/05\/IMG_9223-300x225.jpeg 300w, http:\/\/blog.meineigenerweg.de\/wp-content\/uploads\/2025\/05\/IMG_9223-768x576.jpeg 768w, http:\/\/blog.meineigenerweg.de\/wp-content\/uploads\/2025\/05\/IMG_9223.jpeg 1000w\" sizes=\"auto, (max-width: 300px) 100vw, 300px\" \/><\/a><\/p>\n<p>&nbsp;<\/p>\n<p>Tag 13<\/p>\n<p>Heute besuchen wir den vielleicht bekanntesten Wasserfall Norwegens, den V\u00f8ringsfossen, an der Westseite der Hardangervidda. Es gibt einen spannenden, befestigten Rundweg um die Schlucht. An etlichen Stellen ragen Balkone \u00fcber die Kante und lassen einen Blick von fast 200 mtr senkrecht in die Tiefe zu. Der H\u00f6hepunkt des Wanderwegs ist eine Stufenbr\u00fccke, die direkt \u00fcber die Schlucht f\u00fchrt.<br \/>\n<a href=\"http:\/\/blog.meineigenerweg.de\/wp-content\/uploads\/2025\/05\/IMG_9227.jpeg\"><img loading=\"lazy\" decoding=\"async\" class=\"alignnone size-medium wp-image-10372\" src=\"http:\/\/blog.meineigenerweg.de\/wp-content\/uploads\/2025\/05\/IMG_9227-225x300.jpeg\" alt=\"\" width=\"225\" height=\"300\" srcset=\"http:\/\/blog.meineigenerweg.de\/wp-content\/uploads\/2025\/05\/IMG_9227-225x300.jpeg 225w, http:\/\/blog.meineigenerweg.de\/wp-content\/uploads\/2025\/05\/IMG_9227.jpeg 750w\" sizes=\"auto, (max-width: 225px) 100vw, 225px\" \/><\/a> <a href=\"http:\/\/blog.meineigenerweg.de\/wp-content\/uploads\/2025\/05\/IMG_9229.jpeg\"><img loading=\"lazy\" decoding=\"async\" class=\"alignnone size-medium wp-image-10373\" src=\"http:\/\/blog.meineigenerweg.de\/wp-content\/uploads\/2025\/05\/IMG_9229-225x300.jpeg\" alt=\"\" width=\"225\" height=\"300\" srcset=\"http:\/\/blog.meineigenerweg.de\/wp-content\/uploads\/2025\/05\/IMG_9229-225x300.jpeg 225w, http:\/\/blog.meineigenerweg.de\/wp-content\/uploads\/2025\/05\/IMG_9229.jpeg 750w\" sizes=\"auto, (max-width: 225px) 100vw, 225px\" \/><\/a><br \/>\n<a href=\"http:\/\/blog.meineigenerweg.de\/wp-content\/uploads\/2025\/05\/IMG_9232.jpeg\"><img loading=\"lazy\" decoding=\"async\" class=\"alignnone size-medium wp-image-10375\" src=\"http:\/\/blog.meineigenerweg.de\/wp-content\/uploads\/2025\/05\/IMG_9232-300x225.jpeg\" alt=\"\" width=\"300\" height=\"225\" srcset=\"http:\/\/blog.meineigenerweg.de\/wp-content\/uploads\/2025\/05\/IMG_9232-300x225.jpeg 300w, http:\/\/blog.meineigenerweg.de\/wp-content\/uploads\/2025\/05\/IMG_9232-768x576.jpeg 768w, http:\/\/blog.meineigenerweg.de\/wp-content\/uploads\/2025\/05\/IMG_9232.jpeg 1000w\" sizes=\"auto, (max-width: 300px) 100vw, 300px\" \/><\/a><br \/>\n<a href=\"http:\/\/blog.meineigenerweg.de\/wp-content\/uploads\/2025\/05\/IMG_9233.jpeg\"><img loading=\"lazy\" decoding=\"async\" class=\"alignnone size-medium wp-image-10377\" src=\"http:\/\/blog.meineigenerweg.de\/wp-content\/uploads\/2025\/05\/IMG_9233-300x225.jpeg\" alt=\"\" width=\"300\" height=\"225\" srcset=\"http:\/\/blog.meineigenerweg.de\/wp-content\/uploads\/2025\/05\/IMG_9233-300x225.jpeg 300w, http:\/\/blog.meineigenerweg.de\/wp-content\/uploads\/2025\/05\/IMG_9233-768x576.jpeg 768w, http:\/\/blog.meineigenerweg.de\/wp-content\/uploads\/2025\/05\/IMG_9233.jpeg 1000w\" sizes=\"auto, (max-width: 300px) 100vw, 300px\" \/><\/a><\/p>\n<p>&nbsp;<\/p>\n<p>Tag 14<\/p>\n<p>Mittags um 12:00 Uhr sind wir an der F\u00e4hre von Kinsarvik nach Utne, genau zur Mittagspause des Kapit\u00e4ns! Die Zeit nutzen wir, um im gegen\u00fcber liegenden Supermarkt einzukaufen, denn es folgt das Pfingswochenende &#8211; das nutzen auch viele Norweger f\u00fcr einen Kurzurlaub. Um 15:00 Uhr geht\u00b4s dann los nach Utne.<br \/>\n<a href=\"http:\/\/blog.meineigenerweg.de\/wp-content\/uploads\/2025\/05\/IMG_9238.jpeg\"><img loading=\"lazy\" decoding=\"async\" class=\"alignnone size-medium wp-image-10381\" src=\"http:\/\/blog.meineigenerweg.de\/wp-content\/uploads\/2025\/05\/IMG_9238-300x225.jpeg\" alt=\"\" width=\"300\" height=\"225\" srcset=\"http:\/\/blog.meineigenerweg.de\/wp-content\/uploads\/2025\/05\/IMG_9238-300x225.jpeg 300w, http:\/\/blog.meineigenerweg.de\/wp-content\/uploads\/2025\/05\/IMG_9238-768x576.jpeg 768w, http:\/\/blog.meineigenerweg.de\/wp-content\/uploads\/2025\/05\/IMG_9238.jpeg 1000w\" sizes=\"auto, (max-width: 300px) 100vw, 300px\" \/><\/a><\/p>\n<p>Die F\u00e4hre ist recht klein, sie kann gerade mal f\u00fcnf Autos transportieren.<br \/>\n<a href=\"http:\/\/blog.meineigenerweg.de\/wp-content\/uploads\/2025\/05\/IMG_9240.jpeg\"><img loading=\"lazy\" decoding=\"async\" class=\"alignnone size-medium wp-image-10382\" src=\"http:\/\/blog.meineigenerweg.de\/wp-content\/uploads\/2025\/05\/IMG_9240-300x225.jpeg\" alt=\"\" width=\"300\" height=\"225\" srcset=\"http:\/\/blog.meineigenerweg.de\/wp-content\/uploads\/2025\/05\/IMG_9240-300x225.jpeg 300w, http:\/\/blog.meineigenerweg.de\/wp-content\/uploads\/2025\/05\/IMG_9240-768x576.jpeg 768w, http:\/\/blog.meineigenerweg.de\/wp-content\/uploads\/2025\/05\/IMG_9240.jpeg 1000w\" sizes=\"auto, (max-width: 300px) 100vw, 300px\" \/><\/a><br \/>\nEin sehr ruhige und entspannte \u00dcberfahrt, denn die F\u00e4hre f\u00e4hrt elektrisch.<br \/>\n<a href=\"http:\/\/blog.meineigenerweg.de\/wp-content\/uploads\/2025\/05\/IMG_9242.jpeg\"><img loading=\"lazy\" decoding=\"async\" class=\"alignnone size-medium wp-image-10384\" src=\"http:\/\/blog.meineigenerweg.de\/wp-content\/uploads\/2025\/05\/IMG_9242-300x225.jpeg\" alt=\"\" width=\"300\" height=\"225\" srcset=\"http:\/\/blog.meineigenerweg.de\/wp-content\/uploads\/2025\/05\/IMG_9242-300x225.jpeg 300w, http:\/\/blog.meineigenerweg.de\/wp-content\/uploads\/2025\/05\/IMG_9242-768x576.jpeg 768w, http:\/\/blog.meineigenerweg.de\/wp-content\/uploads\/2025\/05\/IMG_9242.jpeg 1000w\" sizes=\"auto, (max-width: 300px) 100vw, 300px\" \/><\/a><\/p>\n<p>Utne ist ein h\u00fcbsches kleines D\u00f6rfchen. \u00dcbernachten k\u00f6nnen wir hier aber nicht, der Campingplatz ist geschlossen und einen Stellplatz gibt es nicht.<\/p>\n<p>Also fahren wir auf der wundersch\u00f6nen Landstra\u00dfe am Hardangerfjord entlang, bis wir nach ein paar Kilometern einen sch\u00f6nen Platzdirekt am Wasser und mit Aussicht auf den Fjord finden.<br \/>\n<a href=\"http:\/\/blog.meineigenerweg.de\/wp-content\/uploads\/2025\/05\/IMG_9244.jpeg\"><img loading=\"lazy\" decoding=\"async\" class=\"alignnone size-medium wp-image-10385\" src=\"http:\/\/blog.meineigenerweg.de\/wp-content\/uploads\/2025\/05\/IMG_9244-300x225.jpeg\" alt=\"\" width=\"300\" height=\"225\" srcset=\"http:\/\/blog.meineigenerweg.de\/wp-content\/uploads\/2025\/05\/IMG_9244-300x225.jpeg 300w, http:\/\/blog.meineigenerweg.de\/wp-content\/uploads\/2025\/05\/IMG_9244-768x576.jpeg 768w, http:\/\/blog.meineigenerweg.de\/wp-content\/uploads\/2025\/05\/IMG_9244.jpeg 1000w\" sizes=\"auto, (max-width: 300px) 100vw, 300px\" \/><\/a><\/p>\n<p>Hier bleiben wir und genie\u00dfen den restlichen Tag mit frischem Fisch, genie\u00dfen die Ruhe und das Pl\u00e4tschern der Wellen.<br \/>\n<a href=\"http:\/\/blog.meineigenerweg.de\/wp-content\/uploads\/2025\/05\/IMG_9247.jpeg\"><img loading=\"lazy\" decoding=\"async\" class=\"alignnone size-medium wp-image-10386\" src=\"http:\/\/blog.meineigenerweg.de\/wp-content\/uploads\/2025\/05\/IMG_9247-300x225.jpeg\" alt=\"\" width=\"300\" height=\"225\" srcset=\"http:\/\/blog.meineigenerweg.de\/wp-content\/uploads\/2025\/05\/IMG_9247-300x225.jpeg 300w, http:\/\/blog.meineigenerweg.de\/wp-content\/uploads\/2025\/05\/IMG_9247-768x576.jpeg 768w, http:\/\/blog.meineigenerweg.de\/wp-content\/uploads\/2025\/05\/IMG_9247.jpeg 1000w\" sizes=\"auto, (max-width: 300px) 100vw, 300px\" \/><\/a><\/p>\n<p>Es ist schon fast 23:00 Uhr, als uns noch ein fantastischer Sonnenuntergang beschert wird.<br \/>\n<a href=\"http:\/\/blog.meineigenerweg.de\/wp-content\/uploads\/2025\/05\/IMG_9249.jpeg\"><img loading=\"lazy\" decoding=\"async\" class=\"alignnone size-medium wp-image-10391\" src=\"http:\/\/blog.meineigenerweg.de\/wp-content\/uploads\/2025\/05\/IMG_9249-300x225.jpeg\" alt=\"\" width=\"300\" height=\"225\" srcset=\"http:\/\/blog.meineigenerweg.de\/wp-content\/uploads\/2025\/05\/IMG_9249-300x225.jpeg 300w, http:\/\/blog.meineigenerweg.de\/wp-content\/uploads\/2025\/05\/IMG_9249-768x576.jpeg 768w, http:\/\/blog.meineigenerweg.de\/wp-content\/uploads\/2025\/05\/IMG_9249.jpeg 1000w\" sizes=\"auto, (max-width: 300px) 100vw, 300px\" \/><\/a><\/p>\n<p>&nbsp;<\/p>\n<p>Tag 15<\/p>\n<p>Nach eine ruhigen Nacht und gem\u00fctlichem Fr\u00fchst\u00fcck am Wasser steht die n\u00e4chste F\u00e4hrfahrt an, dieses Mal von Jondal nach Nordheimsund.<br \/>\n<a href=\"http:\/\/blog.meineigenerweg.de\/wp-content\/uploads\/2025\/05\/IMG_9251.jpeg\"><img loading=\"lazy\" decoding=\"async\" class=\"alignnone size-medium wp-image-10394\" src=\"http:\/\/blog.meineigenerweg.de\/wp-content\/uploads\/2025\/05\/IMG_9251-300x225.jpeg\" alt=\"\" width=\"300\" height=\"225\" srcset=\"http:\/\/blog.meineigenerweg.de\/wp-content\/uploads\/2025\/05\/IMG_9251-300x225.jpeg 300w, http:\/\/blog.meineigenerweg.de\/wp-content\/uploads\/2025\/05\/IMG_9251-768x576.jpeg 768w, http:\/\/blog.meineigenerweg.de\/wp-content\/uploads\/2025\/05\/IMG_9251.jpeg 1000w\" sizes=\"auto, (max-width: 300px) 100vw, 300px\" \/><\/a><\/p>\n<p>Der Steinsdalsfossen Wasserfall ist unser heutiges Ziel.<br \/>\n<a href=\"http:\/\/blog.meineigenerweg.de\/wp-content\/uploads\/2025\/05\/IMG_9253.jpeg\"><img loading=\"lazy\" decoding=\"async\" class=\"alignnone size-medium wp-image-10395\" src=\"http:\/\/blog.meineigenerweg.de\/wp-content\/uploads\/2025\/05\/IMG_9253-300x225.jpeg\" alt=\"\" width=\"300\" height=\"225\" srcset=\"http:\/\/blog.meineigenerweg.de\/wp-content\/uploads\/2025\/05\/IMG_9253-300x225.jpeg 300w, http:\/\/blog.meineigenerweg.de\/wp-content\/uploads\/2025\/05\/IMG_9253-768x576.jpeg 768w, http:\/\/blog.meineigenerweg.de\/wp-content\/uploads\/2025\/05\/IMG_9253.jpeg 1000w\" sizes=\"auto, (max-width: 300px) 100vw, 300px\" \/> <\/a><a href=\"http:\/\/blog.meineigenerweg.de\/wp-content\/uploads\/2025\/05\/IMG_9257.jpeg\"><img loading=\"lazy\" decoding=\"async\" class=\"alignnone size-medium wp-image-10396\" src=\"http:\/\/blog.meineigenerweg.de\/wp-content\/uploads\/2025\/05\/IMG_9257-300x225.jpeg\" alt=\"\" width=\"300\" height=\"225\" srcset=\"http:\/\/blog.meineigenerweg.de\/wp-content\/uploads\/2025\/05\/IMG_9257-300x225.jpeg 300w, http:\/\/blog.meineigenerweg.de\/wp-content\/uploads\/2025\/05\/IMG_9257-768x576.jpeg 768w, http:\/\/blog.meineigenerweg.de\/wp-content\/uploads\/2025\/05\/IMG_9257.jpeg 1000w\" sizes=\"auto, (max-width: 300px) 100vw, 300px\" \/><\/a><\/p>\n<p>Nicht so gewaltig und m\u00e4chtig wie der letzte Wasserfall, aber er hat eine Besonderheit, man kann n\u00e4mlich hinter dem Wasserfall herlaufen.<br \/>\n<a href=\"http:\/\/blog.meineigenerweg.de\/wp-content\/uploads\/2025\/05\/IMG_9259.jpeg\"><img loading=\"lazy\" decoding=\"async\" class=\"alignnone size-medium wp-image-10397\" src=\"http:\/\/blog.meineigenerweg.de\/wp-content\/uploads\/2025\/05\/IMG_9259-300x225.jpeg\" alt=\"\" width=\"300\" height=\"225\" srcset=\"http:\/\/blog.meineigenerweg.de\/wp-content\/uploads\/2025\/05\/IMG_9259-300x225.jpeg 300w, http:\/\/blog.meineigenerweg.de\/wp-content\/uploads\/2025\/05\/IMG_9259-768x576.jpeg 768w, http:\/\/blog.meineigenerweg.de\/wp-content\/uploads\/2025\/05\/IMG_9259.jpeg 1000w\" sizes=\"auto, (max-width: 300px) 100vw, 300px\" \/><\/a><\/p>\n<p>&nbsp;<\/p>\n<p>Tag 16<\/p>\n<p>Raus aus der Natur, hinein ins Stadtleben! Bergen, der zweitgr\u00f6\u00dfte Stadt Norwegens, mit 300.000 EinwohnerInnen, ist sicher eine Gro\u00dfstadt. Trotz Hochh\u00e4usern und Stra\u00dfenbahnen hat Bergen aber mit den umgebenden Bergen und dem Nordmeer typisch norwegisches Flair. Was Bergen besonders attraktiv macht, sind die alten Kontorh\u00e4user am Hafen aus dem 17. und 18 Jahrhundert. Auch wenn Bergen keine Hansestadt war, war sie trotzdem ein wichtiges Handelzentrum f\u00fcr die Hanse.<br \/>\n<a href=\"http:\/\/blog.meineigenerweg.de\/wp-content\/uploads\/2025\/05\/IMG_9263.jpeg\"><img loading=\"lazy\" decoding=\"async\" class=\"alignnone size-medium wp-image-10402\" src=\"http:\/\/blog.meineigenerweg.de\/wp-content\/uploads\/2025\/05\/IMG_9263-300x225.jpeg\" alt=\"\" width=\"300\" height=\"225\" srcset=\"http:\/\/blog.meineigenerweg.de\/wp-content\/uploads\/2025\/05\/IMG_9263-300x225.jpeg 300w, http:\/\/blog.meineigenerweg.de\/wp-content\/uploads\/2025\/05\/IMG_9263-768x576.jpeg 768w, http:\/\/blog.meineigenerweg.de\/wp-content\/uploads\/2025\/05\/IMG_9263.jpeg 1000w\" sizes=\"auto, (max-width: 300px) 100vw, 300px\" \/><\/a><\/p>\n<p>Hinter den schmucken Fassaden verbirgt sich das alte Handelsviertel Bryggen mit H\u00e4usern, die bis ins 14. Jahrhundert zur\u00fcckreichen. Rauchen ist hier strengstens verboten, denn alles ist aus Holz.<br \/>\n<a href=\"http:\/\/blog.meineigenerweg.de\/wp-content\/uploads\/2025\/05\/IMG_9268.jpeg\"><img loading=\"lazy\" decoding=\"async\" class=\"alignnone size-medium wp-image-10406\" src=\"http:\/\/blog.meineigenerweg.de\/wp-content\/uploads\/2025\/05\/IMG_9268-225x300.jpeg\" alt=\"\" width=\"225\" height=\"300\" srcset=\"http:\/\/blog.meineigenerweg.de\/wp-content\/uploads\/2025\/05\/IMG_9268-225x300.jpeg 225w, http:\/\/blog.meineigenerweg.de\/wp-content\/uploads\/2025\/05\/IMG_9268.jpeg 750w\" sizes=\"auto, (max-width: 225px) 100vw, 225px\" \/><\/a> <a href=\"http:\/\/blog.meineigenerweg.de\/wp-content\/uploads\/2025\/05\/IMG_9266.jpeg\"><img loading=\"lazy\" decoding=\"async\" class=\"alignnone size-medium wp-image-10407\" src=\"http:\/\/blog.meineigenerweg.de\/wp-content\/uploads\/2025\/05\/IMG_9266-225x300.jpeg\" alt=\"\" width=\"225\" height=\"300\" srcset=\"http:\/\/blog.meineigenerweg.de\/wp-content\/uploads\/2025\/05\/IMG_9266-225x300.jpeg 225w, http:\/\/blog.meineigenerweg.de\/wp-content\/uploads\/2025\/05\/IMG_9266.jpeg 750w\" sizes=\"auto, (max-width: 225px) 100vw, 225px\" \/> <\/a><br \/>\n<a href=\"http:\/\/blog.meineigenerweg.de\/wp-content\/uploads\/2025\/05\/IMG_9270.jpeg\"><img loading=\"lazy\" decoding=\"async\" class=\"alignnone size-medium wp-image-10408\" src=\"http:\/\/blog.meineigenerweg.de\/wp-content\/uploads\/2025\/05\/IMG_9270-225x300.jpeg\" alt=\"\" width=\"225\" height=\"300\" srcset=\"http:\/\/blog.meineigenerweg.de\/wp-content\/uploads\/2025\/05\/IMG_9270-225x300.jpeg 225w, http:\/\/blog.meineigenerweg.de\/wp-content\/uploads\/2025\/05\/IMG_9270.jpeg 750w\" sizes=\"auto, (max-width: 225px) 100vw, 225px\" \/><\/a> <a href=\"http:\/\/blog.meineigenerweg.de\/wp-content\/uploads\/2025\/05\/IMG_9273.jpeg\"><img loading=\"lazy\" decoding=\"async\" class=\"alignnone size-medium wp-image-10410\" src=\"http:\/\/blog.meineigenerweg.de\/wp-content\/uploads\/2025\/05\/IMG_9273-225x300.jpeg\" alt=\"\" width=\"225\" height=\"300\" srcset=\"http:\/\/blog.meineigenerweg.de\/wp-content\/uploads\/2025\/05\/IMG_9273-225x300.jpeg 225w, http:\/\/blog.meineigenerweg.de\/wp-content\/uploads\/2025\/05\/IMG_9273.jpeg 750w\" sizes=\"auto, (max-width: 225px) 100vw, 225px\" \/><\/a><\/p>\n<p>Zur St\u00e4rkung gehen wir anschlie\u00dfen noch auf den Fischmarkt und bewundern und probieren die reichhaltige Auswahl an Fisch und Meeresfr\u00fcchten.<br \/>\n<a href=\"http:\/\/blog.meineigenerweg.de\/wp-content\/uploads\/2025\/05\/IMG_9275.jpeg\"><img loading=\"lazy\" decoding=\"async\" class=\"alignnone size-medium wp-image-10412\" src=\"http:\/\/blog.meineigenerweg.de\/wp-content\/uploads\/2025\/05\/IMG_9275-300x225.jpeg\" alt=\"\" width=\"300\" height=\"225\" srcset=\"http:\/\/blog.meineigenerweg.de\/wp-content\/uploads\/2025\/05\/IMG_9275-300x225.jpeg 300w, http:\/\/blog.meineigenerweg.de\/wp-content\/uploads\/2025\/05\/IMG_9275-768x576.jpeg 768w, http:\/\/blog.meineigenerweg.de\/wp-content\/uploads\/2025\/05\/IMG_9275.jpeg 1000w\" sizes=\"auto, (max-width: 300px) 100vw, 300px\" \/><\/a><\/p>\n<p>&nbsp;<\/p>\n<p>Tag 17<\/p>\n<p>Genug vom Stadtleben, uns zieht es wieder in die Natur.<\/p>\n<p>W\u00e4hrend wir uns von Bergen entfernen und weiter in nord\u00f6stlich Richtung fahren, ver\u00e4ndert sich die Landschaft und wird sanfter und lieblicher. Unser Ziel ist das 15.000 Seelen \u00d6rtchen Voss am Vangsvatnet-See.<br \/>\n<a href=\"http:\/\/blog.meineigenerweg.de\/wp-content\/uploads\/2025\/05\/IMG_9279.jpeg\"><img loading=\"lazy\" decoding=\"async\" class=\"alignnone size-medium wp-image-10414\" src=\"http:\/\/blog.meineigenerweg.de\/wp-content\/uploads\/2025\/05\/IMG_9279-300x225.jpeg\" alt=\"\" width=\"300\" height=\"225\" srcset=\"http:\/\/blog.meineigenerweg.de\/wp-content\/uploads\/2025\/05\/IMG_9279-300x225.jpeg 300w, http:\/\/blog.meineigenerweg.de\/wp-content\/uploads\/2025\/05\/IMG_9279-768x576.jpeg 768w, http:\/\/blog.meineigenerweg.de\/wp-content\/uploads\/2025\/05\/IMG_9279.jpeg 1000w\" sizes=\"auto, (max-width: 300px) 100vw, 300px\" \/><\/a> <a href=\"http:\/\/blog.meineigenerweg.de\/wp-content\/uploads\/2025\/05\/IMG_9280.jpeg\"><img loading=\"lazy\" decoding=\"async\" class=\"alignnone size-medium wp-image-10415\" src=\"http:\/\/blog.meineigenerweg.de\/wp-content\/uploads\/2025\/05\/IMG_9280-300x225.jpeg\" alt=\"\" width=\"300\" height=\"225\" srcset=\"http:\/\/blog.meineigenerweg.de\/wp-content\/uploads\/2025\/05\/IMG_9280-300x225.jpeg 300w, http:\/\/blog.meineigenerweg.de\/wp-content\/uploads\/2025\/05\/IMG_9280-768x576.jpeg 768w, http:\/\/blog.meineigenerweg.de\/wp-content\/uploads\/2025\/05\/IMG_9280.jpeg 1000w\" sizes=\"auto, (max-width: 300px) 100vw, 300px\" \/><\/a><\/p>\n<p>&nbsp;<\/p>\n<p>Tag 18<\/p>\n<p>Der Skjervsfossen ist schon au\u00dfergew\u00f6hnlich, aber ein zus\u00e4tzliches Highlight ist die \u00f6ffentliche Toilette. Hier kann man gem\u00fctlich sitzen und durch die gro\u00dfen Fenster in Wand und Boden dem rauschenden Bach zuschauen, der kurz darauf donnernd ins Tal rauscht.<br \/>\n<a href=\"http:\/\/blog.meineigenerweg.de\/wp-content\/uploads\/2025\/05\/IMG_9283.jpeg\"><img loading=\"lazy\" decoding=\"async\" class=\"alignnone size-medium wp-image-10421\" src=\"http:\/\/blog.meineigenerweg.de\/wp-content\/uploads\/2025\/05\/IMG_9283-225x300.jpeg\" alt=\"\" width=\"225\" height=\"300\" srcset=\"http:\/\/blog.meineigenerweg.de\/wp-content\/uploads\/2025\/05\/IMG_9283-225x300.jpeg 225w, http:\/\/blog.meineigenerweg.de\/wp-content\/uploads\/2025\/05\/IMG_9283.jpeg 750w\" sizes=\"auto, (max-width: 225px) 100vw, 225px\" \/><\/a><\/p>\n<p>An der oberen Ebene des Skjersvossen haben wir geparkt<br \/>\n<a href=\"http:\/\/blog.meineigenerweg.de\/wp-content\/uploads\/2025\/05\/IMG_9285.jpeg\"><img loading=\"lazy\" decoding=\"async\" class=\"alignnone size-medium wp-image-10422\" src=\"http:\/\/blog.meineigenerweg.de\/wp-content\/uploads\/2025\/05\/IMG_9285-300x225.jpeg\" alt=\"\" width=\"300\" height=\"225\" srcset=\"http:\/\/blog.meineigenerweg.de\/wp-content\/uploads\/2025\/05\/IMG_9285-300x225.jpeg 300w, http:\/\/blog.meineigenerweg.de\/wp-content\/uploads\/2025\/05\/IMG_9285-768x576.jpeg 768w, http:\/\/blog.meineigenerweg.de\/wp-content\/uploads\/2025\/05\/IMG_9285.jpeg 1000w\" sizes=\"auto, (max-width: 300px) 100vw, 300px\" \/><\/a><\/p>\n<p>und sind dann \u00fcber einen sehr steilen Abstieg zum unteren Ende herunter abgestiegen.<br \/>\n<a href=\"http:\/\/blog.meineigenerweg.de\/wp-content\/uploads\/2025\/05\/IMG_9287.jpeg\"><img loading=\"lazy\" decoding=\"async\" class=\"alignnone size-medium wp-image-10424\" src=\"http:\/\/blog.meineigenerweg.de\/wp-content\/uploads\/2025\/05\/IMG_9287-300x225.jpeg\" alt=\"\" width=\"300\" height=\"225\" srcset=\"http:\/\/blog.meineigenerweg.de\/wp-content\/uploads\/2025\/05\/IMG_9287-300x225.jpeg 300w, http:\/\/blog.meineigenerweg.de\/wp-content\/uploads\/2025\/05\/IMG_9287-768x576.jpeg 768w, http:\/\/blog.meineigenerweg.de\/wp-content\/uploads\/2025\/05\/IMG_9287.jpeg 1000w\" sizes=\"auto, (max-width: 300px) 100vw, 300px\" \/><\/a><\/p>\n<p>Uiih, ist das etwa eine Trollh\u00f6hle?<br \/>\n<a href=\"http:\/\/blog.meineigenerweg.de\/wp-content\/uploads\/2025\/05\/IMG_9289.jpeg\"><img loading=\"lazy\" decoding=\"async\" class=\"alignnone size-medium wp-image-10427\" src=\"http:\/\/blog.meineigenerweg.de\/wp-content\/uploads\/2025\/05\/IMG_9289-300x225.jpeg\" alt=\"\" width=\"300\" height=\"225\" srcset=\"http:\/\/blog.meineigenerweg.de\/wp-content\/uploads\/2025\/05\/IMG_9289-300x225.jpeg 300w, http:\/\/blog.meineigenerweg.de\/wp-content\/uploads\/2025\/05\/IMG_9289-768x576.jpeg 768w, http:\/\/blog.meineigenerweg.de\/wp-content\/uploads\/2025\/05\/IMG_9289.jpeg 1000w\" sizes=\"auto, (max-width: 300px) 100vw, 300px\" \/><\/a><\/p>\n<p>Wir kommen ganz nah an den Wasserfall heran, sehr beeindruckend, wie die Wassermassen aus 150 mtr H\u00f6he herabst\u00fcrzen. Das Wasser spritz und sch\u00e4umt und st\u00e4ubt &#8211; wir wurden ganz sch\u00f6n nass!<br \/>\n<a href=\"http:\/\/blog.meineigenerweg.de\/wp-content\/uploads\/2025\/05\/IMG_9292.jpeg\"><img loading=\"lazy\" decoding=\"async\" class=\"alignnone size-medium wp-image-10428\" src=\"http:\/\/blog.meineigenerweg.de\/wp-content\/uploads\/2025\/05\/IMG_9292-300x225.jpeg\" alt=\"\" width=\"300\" height=\"225\" srcset=\"http:\/\/blog.meineigenerweg.de\/wp-content\/uploads\/2025\/05\/IMG_9292-300x225.jpeg 300w, http:\/\/blog.meineigenerweg.de\/wp-content\/uploads\/2025\/05\/IMG_9292-768x576.jpeg 768w, http:\/\/blog.meineigenerweg.de\/wp-content\/uploads\/2025\/05\/IMG_9292.jpeg 1000w\" sizes=\"auto, (max-width: 300px) 100vw, 300px\" \/><\/a><\/p>\n<p>Anschlie\u00dfend sind wir mit den R\u00e4dern zum Voss-Freilichtmuseum hoch auf den Berg hinauf gefahren, ein gro\u00dfer Bauernhof aus dem 18. Jahrhundert.<br \/>\n<a href=\"http:\/\/blog.meineigenerweg.de\/wp-content\/uploads\/2025\/05\/IMG_9297.jpeg\"><img loading=\"lazy\" decoding=\"async\" class=\"alignnone size-medium wp-image-10430\" src=\"http:\/\/blog.meineigenerweg.de\/wp-content\/uploads\/2025\/05\/IMG_9297-300x225.jpeg\" alt=\"\" width=\"300\" height=\"225\" srcset=\"http:\/\/blog.meineigenerweg.de\/wp-content\/uploads\/2025\/05\/IMG_9297-300x225.jpeg 300w, http:\/\/blog.meineigenerweg.de\/wp-content\/uploads\/2025\/05\/IMG_9297-768x576.jpeg 768w, http:\/\/blog.meineigenerweg.de\/wp-content\/uploads\/2025\/05\/IMG_9297.jpeg 1000w\" sizes=\"auto, (max-width: 300px) 100vw, 300px\" \/><\/a> <a href=\"http:\/\/blog.meineigenerweg.de\/wp-content\/uploads\/2025\/05\/IMG_9298.jpeg\"><img loading=\"lazy\" decoding=\"async\" class=\"alignnone size-medium wp-image-10431\" src=\"http:\/\/blog.meineigenerweg.de\/wp-content\/uploads\/2025\/05\/IMG_9298-300x225.jpeg\" alt=\"\" width=\"300\" height=\"225\" srcset=\"http:\/\/blog.meineigenerweg.de\/wp-content\/uploads\/2025\/05\/IMG_9298-300x225.jpeg 300w, http:\/\/blog.meineigenerweg.de\/wp-content\/uploads\/2025\/05\/IMG_9298-768x576.jpeg 768w, http:\/\/blog.meineigenerweg.de\/wp-content\/uploads\/2025\/05\/IMG_9298.jpeg 1000w\" sizes=\"auto, (max-width: 300px) 100vw, 300px\" \/><\/a><\/p>\n<p>Das Haupthaus bestand aus der Stube und der K\u00fcche.<br \/>\n<a href=\"http:\/\/blog.meineigenerweg.de\/wp-content\/uploads\/2025\/05\/IMG_9299.jpeg\"><img loading=\"lazy\" decoding=\"async\" class=\"alignnone size-medium wp-image-10432\" src=\"http:\/\/blog.meineigenerweg.de\/wp-content\/uploads\/2025\/05\/IMG_9299-300x225.jpeg\" alt=\"\" width=\"300\" height=\"225\" srcset=\"http:\/\/blog.meineigenerweg.de\/wp-content\/uploads\/2025\/05\/IMG_9299-300x225.jpeg 300w, http:\/\/blog.meineigenerweg.de\/wp-content\/uploads\/2025\/05\/IMG_9299-768x576.jpeg 768w, http:\/\/blog.meineigenerweg.de\/wp-content\/uploads\/2025\/05\/IMG_9299.jpeg 1000w\" sizes=\"auto, (max-width: 300px) 100vw, 300px\" \/><\/a> <a href=\"http:\/\/blog.meineigenerweg.de\/wp-content\/uploads\/2025\/05\/IMG_9300.jpeg\"><img loading=\"lazy\" decoding=\"async\" class=\"alignnone size-medium wp-image-10433\" src=\"http:\/\/blog.meineigenerweg.de\/wp-content\/uploads\/2025\/05\/IMG_9300-300x225.jpeg\" alt=\"\" width=\"300\" height=\"225\" srcset=\"http:\/\/blog.meineigenerweg.de\/wp-content\/uploads\/2025\/05\/IMG_9300-300x225.jpeg 300w, http:\/\/blog.meineigenerweg.de\/wp-content\/uploads\/2025\/05\/IMG_9300-768x576.jpeg 768w, http:\/\/blog.meineigenerweg.de\/wp-content\/uploads\/2025\/05\/IMG_9300.jpeg 1000w\" sizes=\"auto, (max-width: 300px) 100vw, 300px\" \/><\/a><\/p>\n<p>Von hier oben haben wir einen traumhaften Blick auf die schneebedeckten Berge und den See unter uns.<br \/>\n<a href=\"http:\/\/blog.meineigenerweg.de\/wp-content\/uploads\/2025\/05\/IMG_9302.jpeg\"><img loading=\"lazy\" decoding=\"async\" class=\"alignnone size-medium wp-image-10434\" src=\"http:\/\/blog.meineigenerweg.de\/wp-content\/uploads\/2025\/05\/IMG_9302-300x225.jpeg\" alt=\"\" width=\"300\" height=\"225\" srcset=\"http:\/\/blog.meineigenerweg.de\/wp-content\/uploads\/2025\/05\/IMG_9302-300x225.jpeg 300w, http:\/\/blog.meineigenerweg.de\/wp-content\/uploads\/2025\/05\/IMG_9302-768x576.jpeg 768w, http:\/\/blog.meineigenerweg.de\/wp-content\/uploads\/2025\/05\/IMG_9302.jpeg 1000w\" sizes=\"auto, (max-width: 300px) 100vw, 300px\" \/><\/a><\/p>\n<p>&nbsp;<\/p>\n<p>Tag 19<\/p>\n<p>Unterwegs von Voss nach Stalheim. Und immer wieder atemberaubende Wasserf\u00e4lle, hier der Tvindefossen.<br \/>\n<a href=\"http:\/\/blog.meineigenerweg.de\/wp-content\/uploads\/2025\/05\/IMG_9304.jpeg\"><img loading=\"lazy\" decoding=\"async\" class=\"alignnone size-medium wp-image-10441\" src=\"http:\/\/blog.meineigenerweg.de\/wp-content\/uploads\/2025\/05\/IMG_9304-300x225.jpeg\" alt=\"\" width=\"300\" height=\"225\" srcset=\"http:\/\/blog.meineigenerweg.de\/wp-content\/uploads\/2025\/05\/IMG_9304-300x225.jpeg 300w, http:\/\/blog.meineigenerweg.de\/wp-content\/uploads\/2025\/05\/IMG_9304-768x576.jpeg 768w, http:\/\/blog.meineigenerweg.de\/wp-content\/uploads\/2025\/05\/IMG_9304.jpeg 1000w\" sizes=\"auto, (max-width: 300px) 100vw, 300px\" \/><\/a><\/p>\n<p>In Stalheim machen wir eine Pause im Nobelhotel Stalheim (dessen Glanz bereits etwas verblasst ist), aber die Aussicht auf die Berge vor dem Sognefjord ist unglaublich!<br \/>\n<a href=\"http:\/\/blog.meineigenerweg.de\/wp-content\/uploads\/2025\/05\/IMG_9315.jpeg\"><img loading=\"lazy\" decoding=\"async\" class=\"alignnone size-medium wp-image-10451\" src=\"http:\/\/blog.meineigenerweg.de\/wp-content\/uploads\/2025\/05\/IMG_9315-300x225.jpeg\" alt=\"\" width=\"300\" height=\"225\" srcset=\"http:\/\/blog.meineigenerweg.de\/wp-content\/uploads\/2025\/05\/IMG_9315-300x225.jpeg 300w, http:\/\/blog.meineigenerweg.de\/wp-content\/uploads\/2025\/05\/IMG_9315-768x576.jpeg 768w, http:\/\/blog.meineigenerweg.de\/wp-content\/uploads\/2025\/05\/IMG_9315.jpeg 1000w\" sizes=\"auto, (max-width: 300px) 100vw, 300px\" \/><\/a><br \/>\nJetzt sind wir mitten im UNESCO Weltnaturerbe und eine wirklich atemberaubende Landschaft umgibt uns.<br \/>\n<a href=\"http:\/\/blog.meineigenerweg.de\/wp-content\/uploads\/2025\/05\/IMG_9317.jpeg\"><img loading=\"lazy\" decoding=\"async\" class=\"alignnone size-medium wp-image-10454\" src=\"http:\/\/blog.meineigenerweg.de\/wp-content\/uploads\/2025\/05\/IMG_9317-300x225.jpeg\" alt=\"\" width=\"300\" height=\"225\" srcset=\"http:\/\/blog.meineigenerweg.de\/wp-content\/uploads\/2025\/05\/IMG_9317-300x225.jpeg 300w, http:\/\/blog.meineigenerweg.de\/wp-content\/uploads\/2025\/05\/IMG_9317-768x576.jpeg 768w, http:\/\/blog.meineigenerweg.de\/wp-content\/uploads\/2025\/05\/IMG_9317.jpeg 1000w\" sizes=\"auto, (max-width: 300px) 100vw, 300px\" \/><\/a><\/p>\n<p>Ein paar Kilometer fahren wir noch, dann haben wir unser Tagesziel Gudvangen erreicht.<br \/>\n<a href=\"http:\/\/blog.meineigenerweg.de\/wp-content\/uploads\/2025\/05\/IMG_9313.jpeg\"><img loading=\"lazy\" decoding=\"async\" class=\"alignnone size-medium wp-image-10447\" src=\"http:\/\/blog.meineigenerweg.de\/wp-content\/uploads\/2025\/05\/IMG_9313-300x225.jpeg\" alt=\"\" width=\"300\" height=\"225\" srcset=\"http:\/\/blog.meineigenerweg.de\/wp-content\/uploads\/2025\/05\/IMG_9313-300x225.jpeg 300w, http:\/\/blog.meineigenerweg.de\/wp-content\/uploads\/2025\/05\/IMG_9313-768x576.jpeg 768w, http:\/\/blog.meineigenerweg.de\/wp-content\/uploads\/2025\/05\/IMG_9313.jpeg 1000w\" sizes=\"auto, (max-width: 300px) 100vw, 300px\" \/><\/a><\/p>\n<p>&nbsp;<\/p>\n<p>Tag 20<\/p>\n<p>Nur ein paar Minuten sind es mit dem Fahrrad, dann erreichen wir das Wickinger-Dorf in Gudvangen.<br \/>\n<a href=\"http:\/\/blog.meineigenerweg.de\/wp-content\/uploads\/2025\/05\/IMG_9323.jpeg\"><img loading=\"lazy\" decoding=\"async\" class=\"alignnone size-medium wp-image-10456\" src=\"http:\/\/blog.meineigenerweg.de\/wp-content\/uploads\/2025\/05\/IMG_9323-300x225.jpeg\" alt=\"\" width=\"300\" height=\"225\" srcset=\"http:\/\/blog.meineigenerweg.de\/wp-content\/uploads\/2025\/05\/IMG_9323-300x225.jpeg 300w, http:\/\/blog.meineigenerweg.de\/wp-content\/uploads\/2025\/05\/IMG_9323-768x576.jpeg 768w, http:\/\/blog.meineigenerweg.de\/wp-content\/uploads\/2025\/05\/IMG_9323.jpeg 1000w\" sizes=\"auto, (max-width: 300px) 100vw, 300px\" \/><\/a> <a href=\"http:\/\/blog.meineigenerweg.de\/wp-content\/uploads\/2025\/05\/IMG_9324.jpeg\"><img loading=\"lazy\" decoding=\"async\" class=\"alignnone size-medium wp-image-10457\" src=\"http:\/\/blog.meineigenerweg.de\/wp-content\/uploads\/2025\/05\/IMG_9324-300x225.jpeg\" alt=\"\" width=\"300\" height=\"225\" srcset=\"http:\/\/blog.meineigenerweg.de\/wp-content\/uploads\/2025\/05\/IMG_9324-300x225.jpeg 300w, http:\/\/blog.meineigenerweg.de\/wp-content\/uploads\/2025\/05\/IMG_9324-768x576.jpeg 768w, http:\/\/blog.meineigenerweg.de\/wp-content\/uploads\/2025\/05\/IMG_9324.jpeg 1000w\" sizes=\"auto, (max-width: 300px) 100vw, 300px\" \/><\/a><br \/>\n<a href=\"http:\/\/blog.meineigenerweg.de\/wp-content\/uploads\/2025\/05\/IMG_9325.jpeg\"><img loading=\"lazy\" decoding=\"async\" class=\"alignnone size-medium wp-image-10458\" src=\"http:\/\/blog.meineigenerweg.de\/wp-content\/uploads\/2025\/05\/IMG_9325-300x225.jpeg\" alt=\"\" width=\"300\" height=\"225\" srcset=\"http:\/\/blog.meineigenerweg.de\/wp-content\/uploads\/2025\/05\/IMG_9325-300x225.jpeg 300w, http:\/\/blog.meineigenerweg.de\/wp-content\/uploads\/2025\/05\/IMG_9325-768x576.jpeg 768w, http:\/\/blog.meineigenerweg.de\/wp-content\/uploads\/2025\/05\/IMG_9325.jpeg 1000w\" sizes=\"auto, (max-width: 300px) 100vw, 300px\" \/><\/a> <a href=\"http:\/\/blog.meineigenerweg.de\/wp-content\/uploads\/2025\/05\/IMG_9326.jpeg\"><img loading=\"lazy\" decoding=\"async\" class=\"alignnone size-medium wp-image-10459\" src=\"http:\/\/blog.meineigenerweg.de\/wp-content\/uploads\/2025\/05\/IMG_9326-300x225.jpeg\" alt=\"\" width=\"300\" height=\"225\" srcset=\"http:\/\/blog.meineigenerweg.de\/wp-content\/uploads\/2025\/05\/IMG_9326-300x225.jpeg 300w, http:\/\/blog.meineigenerweg.de\/wp-content\/uploads\/2025\/05\/IMG_9326-768x576.jpeg 768w, http:\/\/blog.meineigenerweg.de\/wp-content\/uploads\/2025\/05\/IMG_9326.jpeg 1000w\" sizes=\"auto, (max-width: 300px) 100vw, 300px\" \/><\/a><\/p>\n<p>&nbsp;<\/p>\n<p>Tag 21<\/p>\n<p>Mit der Fl\u00e5msbana fahren wir \u00fcber eine der sch\u00f6nsten Bahnstrecken der Welt.<br \/>\n<a href=\"http:\/\/blog.meineigenerweg.de\/wp-content\/uploads\/2025\/05\/IMG_9327.jpeg\"><img loading=\"lazy\" decoding=\"async\" class=\"alignnone size-medium wp-image-10461\" src=\"http:\/\/blog.meineigenerweg.de\/wp-content\/uploads\/2025\/05\/IMG_9327-300x223.jpeg\" alt=\"\" width=\"300\" height=\"223\" srcset=\"http:\/\/blog.meineigenerweg.de\/wp-content\/uploads\/2025\/05\/IMG_9327-300x223.jpeg 300w, http:\/\/blog.meineigenerweg.de\/wp-content\/uploads\/2025\/05\/IMG_9327-768x572.jpeg 768w, http:\/\/blog.meineigenerweg.de\/wp-content\/uploads\/2025\/05\/IMG_9327.jpeg 1007w\" sizes=\"auto, (max-width: 300px) 100vw, 300px\" \/><\/a><\/p>\n<p>Durch eine wildromantische Landschaft geht die Fahrt zum nur 20 km entfernten Myrdal. Aber dorthin sind 800 H\u00f6henmeter zu \u00fcberwinden und es geht durch 40 Tunnel. Wir sehen tiefe Schluchten und endlos viele Wasserf\u00e4lle, tiefe Schluchten,<br \/>\n<a href=\"http:\/\/blog.meineigenerweg.de\/wp-content\/uploads\/2025\/05\/IMG_9329.jpeg\"><img loading=\"lazy\" decoding=\"async\" class=\"alignnone size-medium wp-image-10462\" src=\"http:\/\/blog.meineigenerweg.de\/wp-content\/uploads\/2025\/05\/IMG_9329-300x225.jpeg\" alt=\"\" width=\"300\" height=\"225\" srcset=\"http:\/\/blog.meineigenerweg.de\/wp-content\/uploads\/2025\/05\/IMG_9329-300x225.jpeg 300w, http:\/\/blog.meineigenerweg.de\/wp-content\/uploads\/2025\/05\/IMG_9329-768x576.jpeg 768w, http:\/\/blog.meineigenerweg.de\/wp-content\/uploads\/2025\/05\/IMG_9329.jpeg 1000w\" sizes=\"auto, (max-width: 300px) 100vw, 300px\" \/><\/a><\/p>\n<p>ab und zu kleine D\u00f6rfchen<br \/>\n<a href=\"http:\/\/blog.meineigenerweg.de\/wp-content\/uploads\/2025\/05\/IMG_9331.jpeg\"><img loading=\"lazy\" decoding=\"async\" class=\"alignnone size-medium wp-image-10464\" src=\"http:\/\/blog.meineigenerweg.de\/wp-content\/uploads\/2025\/05\/IMG_9331-300x225.jpeg\" alt=\"\" width=\"300\" height=\"225\" srcset=\"http:\/\/blog.meineigenerweg.de\/wp-content\/uploads\/2025\/05\/IMG_9331-300x225.jpeg 300w, http:\/\/blog.meineigenerweg.de\/wp-content\/uploads\/2025\/05\/IMG_9331-768x576.jpeg 768w, http:\/\/blog.meineigenerweg.de\/wp-content\/uploads\/2025\/05\/IMG_9331.jpeg 1000w\" sizes=\"auto, (max-width: 300px) 100vw, 300px\" \/><\/a><\/p>\n<p>und n\u00e4hern uns der Schneegrenze.<br \/>\n<a href=\"http:\/\/blog.meineigenerweg.de\/wp-content\/uploads\/2025\/05\/IMG_9333.jpeg\"><img loading=\"lazy\" decoding=\"async\" class=\"alignnone size-medium wp-image-10465\" src=\"http:\/\/blog.meineigenerweg.de\/wp-content\/uploads\/2025\/05\/IMG_9333-300x225.jpeg\" alt=\"\" width=\"300\" height=\"225\" srcset=\"http:\/\/blog.meineigenerweg.de\/wp-content\/uploads\/2025\/05\/IMG_9333-300x225.jpeg 300w, http:\/\/blog.meineigenerweg.de\/wp-content\/uploads\/2025\/05\/IMG_9333-768x576.jpeg 768w, http:\/\/blog.meineigenerweg.de\/wp-content\/uploads\/2025\/05\/IMG_9333.jpeg 1000w\" sizes=\"auto, (max-width: 300px) 100vw, 300px\" \/><\/a><\/p>\n<p>&nbsp;<\/p>\n<p>Tag 22<\/p>\n<p>Wir fahren hoch in die Berge, um die Aussicht auf den Fjord aus luftiger H\u00f6he zu genie\u00dfen. Die Stra\u00dfe ist als besonders eng angek\u00fcndigt. Nicht einmal Motorr\u00e4der kommen auf der einspurigen Stra\u00dfe an uns vorbei.<br \/>\n<a href=\"http:\/\/blog.meineigenerweg.de\/wp-content\/uploads\/2025\/05\/IMG_9341.jpeg\"><img loading=\"lazy\" decoding=\"async\" class=\"alignnone size-medium wp-image-10475\" src=\"http:\/\/blog.meineigenerweg.de\/wp-content\/uploads\/2025\/05\/IMG_9341-300x225.jpeg\" alt=\"\" width=\"300\" height=\"225\" srcset=\"http:\/\/blog.meineigenerweg.de\/wp-content\/uploads\/2025\/05\/IMG_9341-300x225.jpeg 300w, http:\/\/blog.meineigenerweg.de\/wp-content\/uploads\/2025\/05\/IMG_9341-768x576.jpeg 768w, http:\/\/blog.meineigenerweg.de\/wp-content\/uploads\/2025\/05\/IMG_9341.jpeg 1000w\" sizes=\"auto, (max-width: 300px) 100vw, 300px\" \/><\/a><\/p>\n<p>Die Stagastein Aussichtsplattform liegt auf 650 Meter H\u00f6he. \u00dcber einen 30 mtr langen Steg kommt man an die Glasscheibe, die vom Abgrund trennt!<\/p>\n<p><a href=\"http:\/\/blog.meineigenerweg.de\/wp-content\/uploads\/2025\/05\/IMG_9337.jpeg\"><img loading=\"lazy\" decoding=\"async\" class=\"alignnone size-medium wp-image-10471\" src=\"http:\/\/blog.meineigenerweg.de\/wp-content\/uploads\/2025\/05\/IMG_9337-300x225.jpeg\" alt=\"\" width=\"300\" height=\"225\" srcset=\"http:\/\/blog.meineigenerweg.de\/wp-content\/uploads\/2025\/05\/IMG_9337-300x225.jpeg 300w, http:\/\/blog.meineigenerweg.de\/wp-content\/uploads\/2025\/05\/IMG_9337-768x576.jpeg 768w, http:\/\/blog.meineigenerweg.de\/wp-content\/uploads\/2025\/05\/IMG_9337.jpeg 1000w\" sizes=\"auto, (max-width: 300px) 100vw, 300px\" \/><\/a><\/p>\n<p>Die Aussicht ist spektakul\u00e4r.<br \/>\n<a href=\"http:\/\/blog.meineigenerweg.de\/wp-content\/uploads\/2025\/05\/IMG_9339.jpeg\"><img loading=\"lazy\" decoding=\"async\" class=\"alignnone size-medium wp-image-10473\" src=\"http:\/\/blog.meineigenerweg.de\/wp-content\/uploads\/2025\/05\/IMG_9339-300x225.jpeg\" alt=\"\" width=\"300\" height=\"225\" srcset=\"http:\/\/blog.meineigenerweg.de\/wp-content\/uploads\/2025\/05\/IMG_9339-300x225.jpeg 300w, http:\/\/blog.meineigenerweg.de\/wp-content\/uploads\/2025\/05\/IMG_9339-768x576.jpeg 768w, http:\/\/blog.meineigenerweg.de\/wp-content\/uploads\/2025\/05\/IMG_9339.jpeg 1000w\" sizes=\"auto, (max-width: 300px) 100vw, 300px\" \/><\/a><\/p>\n<p>Weiter geht es \u00fcber die Passstra\u00dfe Aurlandsfjellet Nasjonale Turistweg. Meterhoher Schnee rechts und links der Strasse, und das bei ca. 20 Grad C.<br \/>\n<a href=\"http:\/\/blog.meineigenerweg.de\/wp-content\/uploads\/2025\/05\/IMG_9347.jpeg\"><img loading=\"lazy\" decoding=\"async\" class=\"alignnone size-medium wp-image-10478\" src=\"http:\/\/blog.meineigenerweg.de\/wp-content\/uploads\/2025\/05\/IMG_9347-300x225.jpeg\" alt=\"\" width=\"300\" height=\"225\" srcset=\"http:\/\/blog.meineigenerweg.de\/wp-content\/uploads\/2025\/05\/IMG_9347-300x225.jpeg 300w, http:\/\/blog.meineigenerweg.de\/wp-content\/uploads\/2025\/05\/IMG_9347-768x576.jpeg 768w, http:\/\/blog.meineigenerweg.de\/wp-content\/uploads\/2025\/05\/IMG_9347.jpeg 1000w\" sizes=\"auto, (max-width: 300px) 100vw, 300px\" \/><\/a> <a href=\"http:\/\/blog.meineigenerweg.de\/wp-content\/uploads\/2025\/05\/IMG_9349.jpeg\"><img loading=\"lazy\" decoding=\"async\" class=\"alignnone size-medium wp-image-10481\" src=\"http:\/\/blog.meineigenerweg.de\/wp-content\/uploads\/2025\/05\/IMG_9349-300x225.jpeg\" alt=\"\" width=\"300\" height=\"225\" srcset=\"http:\/\/blog.meineigenerweg.de\/wp-content\/uploads\/2025\/05\/IMG_9349-300x225.jpeg 300w, http:\/\/blog.meineigenerweg.de\/wp-content\/uploads\/2025\/05\/IMG_9349-768x576.jpeg 768w, http:\/\/blog.meineigenerweg.de\/wp-content\/uploads\/2025\/05\/IMG_9349.jpeg 1000w\" sizes=\"auto, (max-width: 300px) 100vw, 300px\" \/><\/a><br \/>\n<a href=\"http:\/\/blog.meineigenerweg.de\/wp-content\/uploads\/2025\/05\/IMG_9348.jpeg\"><img loading=\"lazy\" decoding=\"async\" class=\"alignnone size-medium wp-image-10479\" src=\"http:\/\/blog.meineigenerweg.de\/wp-content\/uploads\/2025\/05\/IMG_9348-300x225.jpeg\" alt=\"\" width=\"300\" height=\"225\" srcset=\"http:\/\/blog.meineigenerweg.de\/wp-content\/uploads\/2025\/05\/IMG_9348-300x225.jpeg 300w, http:\/\/blog.meineigenerweg.de\/wp-content\/uploads\/2025\/05\/IMG_9348-768x576.jpeg 768w, http:\/\/blog.meineigenerweg.de\/wp-content\/uploads\/2025\/05\/IMG_9348.jpeg 1000w\" sizes=\"auto, (max-width: 300px) 100vw, 300px\" \/> <\/a><a href=\"http:\/\/blog.meineigenerweg.de\/wp-content\/uploads\/2025\/05\/IMG_9350.jpeg\"><img loading=\"lazy\" decoding=\"async\" class=\"alignnone size-medium wp-image-10483\" src=\"http:\/\/blog.meineigenerweg.de\/wp-content\/uploads\/2025\/05\/IMG_9350-300x225.jpeg\" alt=\"\" width=\"300\" height=\"225\" srcset=\"http:\/\/blog.meineigenerweg.de\/wp-content\/uploads\/2025\/05\/IMG_9350-300x225.jpeg 300w, http:\/\/blog.meineigenerweg.de\/wp-content\/uploads\/2025\/05\/IMG_9350-768x576.jpeg 768w, http:\/\/blog.meineigenerweg.de\/wp-content\/uploads\/2025\/05\/IMG_9350.jpeg 1000w\" sizes=\"auto, (max-width: 300px) 100vw, 300px\" \/><\/a><\/p>\n<p>Der Weg zur\u00fcck ins Tal ist von immer wieder von Aussichten auf tiefe Schluchten, Wasserf\u00e4llen &#8211; hier der Vardahaugselvi, und steilen Wiesen, auf denen Schafe grasen, gepr\u00e4gt.<br \/>\n<a href=\"http:\/\/blog.meineigenerweg.de\/wp-content\/uploads\/2025\/05\/IMG_9352.jpeg\"><img loading=\"lazy\" decoding=\"async\" class=\"alignnone size-medium wp-image-10485\" src=\"http:\/\/blog.meineigenerweg.de\/wp-content\/uploads\/2025\/05\/IMG_9352-300x225.jpeg\" alt=\"\" width=\"300\" height=\"225\" srcset=\"http:\/\/blog.meineigenerweg.de\/wp-content\/uploads\/2025\/05\/IMG_9352-300x225.jpeg 300w, http:\/\/blog.meineigenerweg.de\/wp-content\/uploads\/2025\/05\/IMG_9352-768x576.jpeg 768w, http:\/\/blog.meineigenerweg.de\/wp-content\/uploads\/2025\/05\/IMG_9352.jpeg 1000w\" sizes=\"auto, (max-width: 300px) 100vw, 300px\" \/><\/a><\/p>\n<p>&nbsp;<\/p>\n<p>Tag 23<\/p>\n<p>Bei unserer Fahrt entlang des Fj\u00e6rlandsfjorden halten wir immer wieder wegen der fantastischen Aussicht an.<br \/>\n<a href=\"http:\/\/blog.meineigenerweg.de\/wp-content\/uploads\/2025\/05\/IMG_9355.jpeg\"><img loading=\"lazy\" decoding=\"async\" class=\"alignnone size-medium wp-image-10491\" src=\"http:\/\/blog.meineigenerweg.de\/wp-content\/uploads\/2025\/05\/IMG_9355-300x225.jpeg\" alt=\"\" width=\"300\" height=\"225\" srcset=\"http:\/\/blog.meineigenerweg.de\/wp-content\/uploads\/2025\/05\/IMG_9355-300x225.jpeg 300w, http:\/\/blog.meineigenerweg.de\/wp-content\/uploads\/2025\/05\/IMG_9355-768x576.jpeg 768w, http:\/\/blog.meineigenerweg.de\/wp-content\/uploads\/2025\/05\/IMG_9355.jpeg 1000w\" sizes=\"auto, (max-width: 300px) 100vw, 300px\" \/>\u00a0<\/a><br \/>\n<a href=\"http:\/\/blog.meineigenerweg.de\/wp-content\/uploads\/2025\/05\/IMG_9356.jpeg\"><img loading=\"lazy\" decoding=\"async\" class=\"alignnone size-medium wp-image-10492\" src=\"http:\/\/blog.meineigenerweg.de\/wp-content\/uploads\/2025\/05\/IMG_9356-225x300.jpeg\" alt=\"\" width=\"225\" height=\"300\" srcset=\"http:\/\/blog.meineigenerweg.de\/wp-content\/uploads\/2025\/05\/IMG_9356-225x300.jpeg 225w, http:\/\/blog.meineigenerweg.de\/wp-content\/uploads\/2025\/05\/IMG_9356.jpeg 750w\" sizes=\"auto, (max-width: 225px) 100vw, 225px\" \/><\/a><\/p>\n<p>Wir entscheiden uns spontan, in Fj\u00e6rland zu bleiben und das Gletscher-Museum zu besuchen.<br \/>\n<a href=\"http:\/\/blog.meineigenerweg.de\/wp-content\/uploads\/2025\/05\/IMG_9361.jpeg\"><img loading=\"lazy\" decoding=\"async\" class=\"alignnone size-medium wp-image-10499\" src=\"http:\/\/blog.meineigenerweg.de\/wp-content\/uploads\/2025\/05\/IMG_9361-300x225.jpeg\" alt=\"\" width=\"300\" height=\"225\" srcset=\"http:\/\/blog.meineigenerweg.de\/wp-content\/uploads\/2025\/05\/IMG_9361-300x225.jpeg 300w, http:\/\/blog.meineigenerweg.de\/wp-content\/uploads\/2025\/05\/IMG_9361-768x576.jpeg 768w, http:\/\/blog.meineigenerweg.de\/wp-content\/uploads\/2025\/05\/IMG_9361.jpeg 1000w\" sizes=\"auto, (max-width: 300px) 100vw, 300px\" \/><\/a><\/p>\n<p>Hier wird anschaulich mit spannenden Installationen und Filmen \u00fcber die Entstehung, das Wachsen und Abschmelzen der Gletscher berichtet. Insbesondere das riesige Gletschergebiet des Jostedalbreen, das hier vor der Haust\u00fcr liegt, findet im Museum Betrachtung.<\/p>\n<p>&nbsp;<\/p>\n<p>Tag 24<\/p>\n<p>Entlang des Innvikfjorden<br \/>\n<a href=\"http:\/\/blog.meineigenerweg.de\/wp-content\/uploads\/2025\/05\/IMG_9367.jpeg\"><img loading=\"lazy\" decoding=\"async\" class=\"alignnone size-medium wp-image-10502\" src=\"http:\/\/blog.meineigenerweg.de\/wp-content\/uploads\/2025\/05\/IMG_9367-300x225.jpeg\" alt=\"\" width=\"300\" height=\"225\" srcset=\"http:\/\/blog.meineigenerweg.de\/wp-content\/uploads\/2025\/05\/IMG_9367-300x225.jpeg 300w, http:\/\/blog.meineigenerweg.de\/wp-content\/uploads\/2025\/05\/IMG_9367-768x576.jpeg 768w, http:\/\/blog.meineigenerweg.de\/wp-content\/uploads\/2025\/05\/IMG_9367.jpeg 1000w\" sizes=\"auto, (max-width: 300px) 100vw, 300px\" \/><\/a><\/p>\n<p>geht es in den Jostedalsbreen Nasjonalpark, der mit 500 qkm der gr\u00f6\u00dfte Gletscher auf dem Europ\u00e4ischen Festland ist.<\/p>\n<p>Unser Ziel ist der Briksdalsbre, ein leicht zug\u00e4nglicher Gletscher, an dem man fr\u00fcher bis an die Gletscherzunge herankam.<br \/>\nDer Weg dorthin ist von von vielen Wasserf\u00e4llen ges\u00e4umt.<br \/>\n<a href=\"http:\/\/blog.meineigenerweg.de\/wp-content\/uploads\/2025\/05\/IMG_9369.jpeg\"><img loading=\"lazy\" decoding=\"async\" class=\"alignnone size-medium wp-image-10503\" src=\"http:\/\/blog.meineigenerweg.de\/wp-content\/uploads\/2025\/05\/IMG_9369-300x225.jpeg\" alt=\"\" width=\"300\" height=\"225\" srcset=\"http:\/\/blog.meineigenerweg.de\/wp-content\/uploads\/2025\/05\/IMG_9369-300x225.jpeg 300w, http:\/\/blog.meineigenerweg.de\/wp-content\/uploads\/2025\/05\/IMG_9369-768x576.jpeg 768w, http:\/\/blog.meineigenerweg.de\/wp-content\/uploads\/2025\/05\/IMG_9369.jpeg 1000w\" sizes=\"auto, (max-width: 300px) 100vw, 300px\" \/><\/a> <a href=\"http:\/\/blog.meineigenerweg.de\/wp-content\/uploads\/2025\/05\/IMG_9370.jpeg\"><img loading=\"lazy\" decoding=\"async\" class=\"alignnone size-medium wp-image-10504\" src=\"http:\/\/blog.meineigenerweg.de\/wp-content\/uploads\/2025\/05\/IMG_9370-300x225.jpeg\" alt=\"\" width=\"300\" height=\"225\" srcset=\"http:\/\/blog.meineigenerweg.de\/wp-content\/uploads\/2025\/05\/IMG_9370-300x225.jpeg 300w, http:\/\/blog.meineigenerweg.de\/wp-content\/uploads\/2025\/05\/IMG_9370-768x576.jpeg 768w, http:\/\/blog.meineigenerweg.de\/wp-content\/uploads\/2025\/05\/IMG_9370.jpeg 1000w\" sizes=\"auto, (max-width: 300px) 100vw, 300px\" \/><\/a><\/p>\n<p>Leider werden wir kein Gletschereis f\u00fcr den Whiskey im Wohnmobil mitnehmen k\u00f6nnen, den in den letzten Jahren ist der Gletscher aufgrund der Klimaver\u00e4nderung immer weiter zur\u00fcckgewichen.<br \/>\n<a href=\"http:\/\/blog.meineigenerweg.de\/wp-content\/uploads\/2025\/05\/IMG_9372.jpeg\"><img loading=\"lazy\" decoding=\"async\" class=\"alignnone size-medium wp-image-10505\" src=\"http:\/\/blog.meineigenerweg.de\/wp-content\/uploads\/2025\/05\/IMG_9372-300x225.jpeg\" alt=\"\" width=\"300\" height=\"225\" srcset=\"http:\/\/blog.meineigenerweg.de\/wp-content\/uploads\/2025\/05\/IMG_9372-300x225.jpeg 300w, http:\/\/blog.meineigenerweg.de\/wp-content\/uploads\/2025\/05\/IMG_9372-768x576.jpeg 768w, http:\/\/blog.meineigenerweg.de\/wp-content\/uploads\/2025\/05\/IMG_9372.jpeg 1000w\" sizes=\"auto, (max-width: 300px) 100vw, 300px\" \/><\/a><\/p>\n<p>&nbsp;<\/p>\n<p>Tag 25<\/p>\n<p>Heute bleiben wir in Briksdalsbre und genie\u00dfen einfach nur die Aussicht und das Nichtstun.<br \/>\n<a href=\"http:\/\/blog.meineigenerweg.de\/wp-content\/uploads\/2025\/05\/IMG_9374.jpeg\"><img loading=\"lazy\" decoding=\"async\" class=\"alignnone size-medium wp-image-10508\" src=\"http:\/\/blog.meineigenerweg.de\/wp-content\/uploads\/2025\/05\/IMG_9374-225x300.jpeg\" alt=\"\" width=\"225\" height=\"300\" srcset=\"http:\/\/blog.meineigenerweg.de\/wp-content\/uploads\/2025\/05\/IMG_9374-225x300.jpeg 225w, http:\/\/blog.meineigenerweg.de\/wp-content\/uploads\/2025\/05\/IMG_9374.jpeg 750w\" sizes=\"auto, (max-width: 225px) 100vw, 225px\" \/><\/a><\/p>\n<p>&nbsp;<\/p>\n<p>Tag 26<\/p>\n<p>Noch ein verregneter Tag, der bietet sich zum Weiterfahren an.Im St\u00e4dtchen Stryn bummeln wir durch den Ort und genie\u00dfen beim Weiterfahren die Landschaft.<\/p>\n<p>&nbsp;<\/p>\n<p>Tag 27<\/p>\n<p>\u00dcberraschung: auf dem Weg nach Geiranger entpuppt sich die F\u00e4hre als eine eineinhalbst\u00fcndige Schifffahrt durch den Geirangerfjord. Wie sch\u00f6n!<br \/>\n<a href=\"http:\/\/blog.meineigenerweg.de\/wp-content\/uploads\/2025\/05\/IMG_9390.jpeg\"><img loading=\"lazy\" decoding=\"async\" class=\"alignnone size-medium wp-image-10512\" src=\"http:\/\/blog.meineigenerweg.de\/wp-content\/uploads\/2025\/05\/IMG_9390-300x225.jpeg\" alt=\"\" width=\"300\" height=\"225\" srcset=\"http:\/\/blog.meineigenerweg.de\/wp-content\/uploads\/2025\/05\/IMG_9390-300x225.jpeg 300w, http:\/\/blog.meineigenerweg.de\/wp-content\/uploads\/2025\/05\/IMG_9390-768x576.jpeg 768w, http:\/\/blog.meineigenerweg.de\/wp-content\/uploads\/2025\/05\/IMG_9390.jpeg 1000w\" sizes=\"auto, (max-width: 300px) 100vw, 300px\" \/><\/a> <a href=\"http:\/\/blog.meineigenerweg.de\/wp-content\/uploads\/2025\/05\/IMG_9391.jpeg\"><img loading=\"lazy\" decoding=\"async\" class=\"alignnone size-medium wp-image-10513\" src=\"http:\/\/blog.meineigenerweg.de\/wp-content\/uploads\/2025\/05\/IMG_9391-300x225.jpeg\" alt=\"\" width=\"300\" height=\"225\" srcset=\"http:\/\/blog.meineigenerweg.de\/wp-content\/uploads\/2025\/05\/IMG_9391-300x225.jpeg 300w, http:\/\/blog.meineigenerweg.de\/wp-content\/uploads\/2025\/05\/IMG_9391-768x576.jpeg 768w, http:\/\/blog.meineigenerweg.de\/wp-content\/uploads\/2025\/05\/IMG_9391.jpeg 1000w\" sizes=\"auto, (max-width: 300px) 100vw, 300px\" \/><\/a><br \/>\n<a href=\"http:\/\/blog.meineigenerweg.de\/wp-content\/uploads\/2025\/05\/IMG_9392.jpeg\"><img loading=\"lazy\" decoding=\"async\" class=\"alignnone size-medium wp-image-10514\" src=\"http:\/\/blog.meineigenerweg.de\/wp-content\/uploads\/2025\/05\/IMG_9392-300x225.jpeg\" alt=\"\" width=\"300\" height=\"225\" srcset=\"http:\/\/blog.meineigenerweg.de\/wp-content\/uploads\/2025\/05\/IMG_9392-300x225.jpeg 300w, http:\/\/blog.meineigenerweg.de\/wp-content\/uploads\/2025\/05\/IMG_9392-768x576.jpeg 768w, http:\/\/blog.meineigenerweg.de\/wp-content\/uploads\/2025\/05\/IMG_9392.jpeg 1000w\" sizes=\"auto, (max-width: 300px) 100vw, 300px\" \/><\/a><\/p>\n<p>In Geiranger angekommen, haben wir gleich den Blick auf ein gro\u00dfes Kreuzfahrtschiff. Darauf ist das \u00d6rtchen eingestellt, sehr trubelig, auf die 250 Einwohner kommen bis zu 4000 Besucher je Schiff, in Summe 300.000 Kreuzfahrer pro Jahr. Wir sind direkt durchgefahren! \u00dcber eine einspurige Stra\u00dfe geht es in etlichen Haarnadelkurven hinauf zur Aussichtsplattform \u00d8rnevegen. Von hier oben haben wir den Blick auf den Fjord sehr genossen!<br \/>\n<a href=\"http:\/\/blog.meineigenerweg.de\/wp-content\/uploads\/2025\/05\/IMG_9393-scaled.jpeg\"><img loading=\"lazy\" decoding=\"async\" class=\"alignnone size-medium wp-image-10516\" src=\"http:\/\/blog.meineigenerweg.de\/wp-content\/uploads\/2025\/05\/IMG_9393-300x225.jpeg\" alt=\"\" width=\"300\" height=\"225\" srcset=\"http:\/\/blog.meineigenerweg.de\/wp-content\/uploads\/2025\/05\/IMG_9393-300x225.jpeg 300w, http:\/\/blog.meineigenerweg.de\/wp-content\/uploads\/2025\/05\/IMG_9393-1024x768.jpeg 1024w, http:\/\/blog.meineigenerweg.de\/wp-content\/uploads\/2025\/05\/IMG_9393-768x576.jpeg 768w, http:\/\/blog.meineigenerweg.de\/wp-content\/uploads\/2025\/05\/IMG_9393-1536x1152.jpeg 1536w, http:\/\/blog.meineigenerweg.de\/wp-content\/uploads\/2025\/05\/IMG_9393-2048x1536.jpeg 2048w\" sizes=\"auto, (max-width: 300px) 100vw, 300px\" \/><\/a> <a href=\"http:\/\/blog.meineigenerweg.de\/wp-content\/uploads\/2025\/05\/IMG_9395.jpeg\"><img loading=\"lazy\" decoding=\"async\" class=\"alignnone size-medium wp-image-10517\" src=\"http:\/\/blog.meineigenerweg.de\/wp-content\/uploads\/2025\/05\/IMG_9395-300x225.jpeg\" alt=\"\" width=\"300\" height=\"225\" srcset=\"http:\/\/blog.meineigenerweg.de\/wp-content\/uploads\/2025\/05\/IMG_9395-300x225.jpeg 300w, http:\/\/blog.meineigenerweg.de\/wp-content\/uploads\/2025\/05\/IMG_9395-768x576.jpeg 768w, http:\/\/blog.meineigenerweg.de\/wp-content\/uploads\/2025\/05\/IMG_9395.jpeg 1000w\" sizes=\"auto, (max-width: 300px) 100vw, 300px\" \/>\u00a0<\/a><\/p>\n<p><a href=\"http:\/\/blog.meineigenerweg.de\/wp-content\/uploads\/2025\/05\/IMG_9398.jpeg\"><img loading=\"lazy\" decoding=\"async\" class=\"alignnone size-medium wp-image-10519\" src=\"http:\/\/blog.meineigenerweg.de\/wp-content\/uploads\/2025\/05\/IMG_9398-300x225.jpeg\" alt=\"\" width=\"300\" height=\"225\" srcset=\"http:\/\/blog.meineigenerweg.de\/wp-content\/uploads\/2025\/05\/IMG_9398-300x225.jpeg 300w, http:\/\/blog.meineigenerweg.de\/wp-content\/uploads\/2025\/05\/IMG_9398-768x576.jpeg 768w, http:\/\/blog.meineigenerweg.de\/wp-content\/uploads\/2025\/05\/IMG_9398.jpeg 1000w\" sizes=\"auto, (max-width: 300px) 100vw, 300px\" \/><\/a><\/p>\n<p>&nbsp;<\/p>\n<p>Tag 28<\/p>\n<p>\u00dcber den atemberaubenden Djupvatnet-Pass geht es weiter.<br \/>\n<a href=\"http:\/\/blog.meineigenerweg.de\/wp-content\/uploads\/2025\/05\/IMG_9401.jpeg\"><img loading=\"lazy\" decoding=\"async\" class=\"alignnone size-medium wp-image-10528\" src=\"http:\/\/blog.meineigenerweg.de\/wp-content\/uploads\/2025\/05\/IMG_9401-300x225.jpeg\" alt=\"\" width=\"300\" height=\"225\" srcset=\"http:\/\/blog.meineigenerweg.de\/wp-content\/uploads\/2025\/05\/IMG_9401-300x225.jpeg 300w, http:\/\/blog.meineigenerweg.de\/wp-content\/uploads\/2025\/05\/IMG_9401-768x576.jpeg 768w, http:\/\/blog.meineigenerweg.de\/wp-content\/uploads\/2025\/05\/IMG_9401.jpeg 1000w\" sizes=\"auto, (max-width: 300px) 100vw, 300px\" \/><\/a><\/p>\n<p>Die meist einspurige Stra\u00dfe windet sich in Serpentinen hinauf auf \u00fcber 1000 mtr (hoffentlich kommt uns kein Reisebus entgegen).<br \/>\n<a href=\"http:\/\/blog.meineigenerweg.de\/wp-content\/uploads\/2025\/05\/IMG_9403.jpeg\"><img loading=\"lazy\" decoding=\"async\" class=\"alignnone size-medium wp-image-10530\" src=\"http:\/\/blog.meineigenerweg.de\/wp-content\/uploads\/2025\/05\/IMG_9403-300x225.jpeg\" alt=\"\" width=\"300\" height=\"225\" srcset=\"http:\/\/blog.meineigenerweg.de\/wp-content\/uploads\/2025\/05\/IMG_9403-300x225.jpeg 300w, http:\/\/blog.meineigenerweg.de\/wp-content\/uploads\/2025\/05\/IMG_9403-768x576.jpeg 768w, http:\/\/blog.meineigenerweg.de\/wp-content\/uploads\/2025\/05\/IMG_9403.jpeg 1000w\" sizes=\"auto, (max-width: 300px) 100vw, 300px\" \/><\/a><\/p>\n<p>Hier liegt auf dieser H\u00f6he \u00fcberall noch Schnee. Wer wohnt in dieser unwirtlichen Gegend?<br \/>\n<a href=\"http:\/\/blog.meineigenerweg.de\/wp-content\/uploads\/2025\/05\/IMG_9405.jpeg\"><img loading=\"lazy\" decoding=\"async\" class=\"alignnone size-medium wp-image-10532\" src=\"http:\/\/blog.meineigenerweg.de\/wp-content\/uploads\/2025\/05\/IMG_9405-300x225.jpeg\" alt=\"\" width=\"300\" height=\"225\" srcset=\"http:\/\/blog.meineigenerweg.de\/wp-content\/uploads\/2025\/05\/IMG_9405-300x225.jpeg 300w, http:\/\/blog.meineigenerweg.de\/wp-content\/uploads\/2025\/05\/IMG_9405-768x576.jpeg 768w, http:\/\/blog.meineigenerweg.de\/wp-content\/uploads\/2025\/05\/IMG_9405.jpeg 1000w\" sizes=\"auto, (max-width: 300px) 100vw, 300px\" \/><\/a><\/p>\n<p>In 1016 mtr H\u00f6he erreichen wir die Passh\u00f6he mit dem Djupvat-See.<br \/>\n<a href=\"http:\/\/blog.meineigenerweg.de\/wp-content\/uploads\/2025\/05\/IMG_9409.jpeg\"><img loading=\"lazy\" decoding=\"async\" class=\"alignnone size-medium wp-image-10534\" src=\"http:\/\/blog.meineigenerweg.de\/wp-content\/uploads\/2025\/05\/IMG_9409-300x225.jpeg\" alt=\"\" width=\"300\" height=\"225\" srcset=\"http:\/\/blog.meineigenerweg.de\/wp-content\/uploads\/2025\/05\/IMG_9409-300x225.jpeg 300w, http:\/\/blog.meineigenerweg.de\/wp-content\/uploads\/2025\/05\/IMG_9409-768x576.jpeg 768w, http:\/\/blog.meineigenerweg.de\/wp-content\/uploads\/2025\/05\/IMG_9409.jpeg 1000w\" sizes=\"auto, (max-width: 300px) 100vw, 300px\" \/><\/a><\/p>\n<p>Im See schwimmen immer noch Eisschollen.<br \/>\n<a href=\"http:\/\/blog.meineigenerweg.de\/wp-content\/uploads\/2025\/05\/IMG_9411.jpeg\"><img loading=\"lazy\" decoding=\"async\" class=\"alignnone size-medium wp-image-10535\" src=\"http:\/\/blog.meineigenerweg.de\/wp-content\/uploads\/2025\/05\/IMG_9411-300x225.jpeg\" alt=\"\" width=\"300\" height=\"225\" srcset=\"http:\/\/blog.meineigenerweg.de\/wp-content\/uploads\/2025\/05\/IMG_9411-300x225.jpeg 300w, http:\/\/blog.meineigenerweg.de\/wp-content\/uploads\/2025\/05\/IMG_9411-768x576.jpeg 768w, http:\/\/blog.meineigenerweg.de\/wp-content\/uploads\/2025\/05\/IMG_9411.jpeg 1000w\" sizes=\"auto, (max-width: 300px) 100vw, 300px\" \/><\/a><\/p>\n<p>Von nun an geht es bergab, die raue Landschaft weicht und die Berge werden sanfter und lieblicher, das wilde Norwegen ist vorbei.<\/p>\n<p>&nbsp;<\/p>\n<p>Tag 29<\/p>\n<p>Hinunter von den kalten, schneebedeckten Bergen sind wir in Lillehammer angekommen &#8211; und es ist warm und sonnig! Von den hier \u00a01994 ausgetragenen olympischen Winterspiele ist oberhalb des Ortes noch die Sprungschanze und die Piste zu sehen, aber jetzt ist Sommer. In der kleinen Stadt geht es recht trubelig zu, die Menschen genie\u00dfen den warmen Sonnentag, flanieren durch die Stadt oder sitzen in einem der vielen Stra\u00dfencafes oder Restaurants. Mancherorts ist Livemusik zu h\u00f6ren, es herrscht eine ausgelassene Stimmung. Ganz das Gegenteil von dem, was wir in den letzten kalten und regnerischen Tagen aus den Orten an den Fjorden und in den Bergen erlebt haben.<br \/>\n<a href=\"http:\/\/blog.meineigenerweg.de\/wp-content\/uploads\/2025\/05\/IMG_9420.jpeg\"><img loading=\"lazy\" decoding=\"async\" class=\"alignnone size-medium wp-image-10539\" src=\"http:\/\/blog.meineigenerweg.de\/wp-content\/uploads\/2025\/05\/IMG_9420-300x225.jpeg\" alt=\"\" width=\"300\" height=\"225\" srcset=\"http:\/\/blog.meineigenerweg.de\/wp-content\/uploads\/2025\/05\/IMG_9420-300x225.jpeg 300w, http:\/\/blog.meineigenerweg.de\/wp-content\/uploads\/2025\/05\/IMG_9420-768x576.jpeg 768w, http:\/\/blog.meineigenerweg.de\/wp-content\/uploads\/2025\/05\/IMG_9420.jpeg 1000w\" sizes=\"auto, (max-width: 300px) 100vw, 300px\" \/><\/a> <a href=\"http:\/\/blog.meineigenerweg.de\/wp-content\/uploads\/2025\/05\/IMG_9419.jpeg\"><img loading=\"lazy\" decoding=\"async\" class=\"alignnone size-medium wp-image-10540\" src=\"http:\/\/blog.meineigenerweg.de\/wp-content\/uploads\/2025\/05\/IMG_9419-300x225.jpeg\" alt=\"\" width=\"300\" height=\"225\" srcset=\"http:\/\/blog.meineigenerweg.de\/wp-content\/uploads\/2025\/05\/IMG_9419-300x225.jpeg 300w, http:\/\/blog.meineigenerweg.de\/wp-content\/uploads\/2025\/05\/IMG_9419-768x576.jpeg 768w, http:\/\/blog.meineigenerweg.de\/wp-content\/uploads\/2025\/05\/IMG_9419.jpeg 1000w\" sizes=\"auto, (max-width: 300px) 100vw, 300px\" \/><\/a><br \/>\n<a href=\"http:\/\/blog.meineigenerweg.de\/wp-content\/uploads\/2025\/05\/IMG_9418.jpeg\"><img loading=\"lazy\" decoding=\"async\" class=\"alignnone size-medium wp-image-10541\" src=\"http:\/\/blog.meineigenerweg.de\/wp-content\/uploads\/2025\/05\/IMG_9418-300x225.jpeg\" alt=\"\" width=\"300\" height=\"225\" srcset=\"http:\/\/blog.meineigenerweg.de\/wp-content\/uploads\/2025\/05\/IMG_9418-300x225.jpeg 300w, http:\/\/blog.meineigenerweg.de\/wp-content\/uploads\/2025\/05\/IMG_9418-768x576.jpeg 768w, http:\/\/blog.meineigenerweg.de\/wp-content\/uploads\/2025\/05\/IMG_9418.jpeg 1000w\" sizes=\"auto, (max-width: 300px) 100vw, 300px\" \/><\/a> <a href=\"http:\/\/blog.meineigenerweg.de\/wp-content\/uploads\/2025\/05\/IMG_9417.jpeg\"><img loading=\"lazy\" decoding=\"async\" class=\"alignnone size-medium wp-image-10542\" src=\"http:\/\/blog.meineigenerweg.de\/wp-content\/uploads\/2025\/05\/IMG_9417-300x225.jpeg\" alt=\"\" width=\"300\" height=\"225\" srcset=\"http:\/\/blog.meineigenerweg.de\/wp-content\/uploads\/2025\/05\/IMG_9417-300x225.jpeg 300w, http:\/\/blog.meineigenerweg.de\/wp-content\/uploads\/2025\/05\/IMG_9417-768x576.jpeg 768w, http:\/\/blog.meineigenerweg.de\/wp-content\/uploads\/2025\/05\/IMG_9417.jpeg 1000w\" sizes=\"auto, (max-width: 300px) 100vw, 300px\" \/><\/a><\/p>\n<p>&nbsp;<\/p>\n<p>Tag 30<\/p>\n<p>Bei unserem n\u00e4chsten Ziel, Oslo, \u00fcberlegen wir schon w\u00e4hrend der Fahrt, ob wir \u00fcberhaupt Lust auf Gro\u00dfstadt haben. Wir fahren ins Zentrum, drehen ein paar Runden und stellen fest, dass es uns einfach lieber in die Natur zieht.<\/p>\n<p>Tsch\u00fcss, Norwegen, tsch\u00fcss, rote, gelbe und gr\u00fcne Holzh\u00e4user, tsch\u00fcss, Fjorde, tsch\u00fcss, gem\u00e4hte Wiesen all\u00fcberall, tsch\u00fcss, Lupinenfelder, tsch\u00fcss, wilde, ungez\u00e4hmte Landschaft wie von Slartibartfa\u00df mit der Faust geschaffen, tsch\u00fcss, atemberaubende Wasserf\u00e4lle.<\/p>\n<p>Nach einigen Kilometern erreichen wir die Grenze nach Schweden und schon wenig sp\u00e4ter sind wir im Kosterhavet Nationalpark. Es ist der erste schwedische Meeres-Nationalpark und verf\u00fcgt \u00fcber ein Kaltwasser-Korallenriff. Das k\u00f6nnen wir vom Ufer aus zwar nicht sehen, aber die friedliche Stille, nur von Vogelgeschrei unterbrochen, wirkt!<br \/>\n<a href=\"http:\/\/blog.meineigenerweg.de\/wp-content\/uploads\/2025\/05\/IMG_9424.jpeg\"><img loading=\"lazy\" decoding=\"async\" class=\"alignnone size-medium wp-image-10547\" src=\"http:\/\/blog.meineigenerweg.de\/wp-content\/uploads\/2025\/05\/IMG_9424-300x225.jpeg\" alt=\"\" width=\"300\" height=\"225\" srcset=\"http:\/\/blog.meineigenerweg.de\/wp-content\/uploads\/2025\/05\/IMG_9424-300x225.jpeg 300w, http:\/\/blog.meineigenerweg.de\/wp-content\/uploads\/2025\/05\/IMG_9424-768x576.jpeg 768w, http:\/\/blog.meineigenerweg.de\/wp-content\/uploads\/2025\/05\/IMG_9424.jpeg 1000w\" sizes=\"auto, (max-width: 300px) 100vw, 300px\" \/><\/a> <a href=\"http:\/\/blog.meineigenerweg.de\/wp-content\/uploads\/2025\/05\/IMG_9425.jpeg\"><img loading=\"lazy\" decoding=\"async\" class=\"alignnone size-medium wp-image-10548\" src=\"http:\/\/blog.meineigenerweg.de\/wp-content\/uploads\/2025\/05\/IMG_9425-300x225.jpeg\" alt=\"\" width=\"300\" height=\"225\" srcset=\"http:\/\/blog.meineigenerweg.de\/wp-content\/uploads\/2025\/05\/IMG_9425-300x225.jpeg 300w, http:\/\/blog.meineigenerweg.de\/wp-content\/uploads\/2025\/05\/IMG_9425-768x576.jpeg 768w, http:\/\/blog.meineigenerweg.de\/wp-content\/uploads\/2025\/05\/IMG_9425.jpeg 1000w\" sizes=\"auto, (max-width: 300px) 100vw, 300px\" \/><\/a><br \/>\n<a href=\"http:\/\/blog.meineigenerweg.de\/wp-content\/uploads\/2025\/05\/IMG_9426.jpeg\"><img loading=\"lazy\" decoding=\"async\" class=\"alignnone size-medium wp-image-10549\" src=\"http:\/\/blog.meineigenerweg.de\/wp-content\/uploads\/2025\/05\/IMG_9426-300x225.jpeg\" alt=\"\" width=\"300\" height=\"225\" srcset=\"http:\/\/blog.meineigenerweg.de\/wp-content\/uploads\/2025\/05\/IMG_9426-300x225.jpeg 300w, http:\/\/blog.meineigenerweg.de\/wp-content\/uploads\/2025\/05\/IMG_9426-768x576.jpeg 768w, http:\/\/blog.meineigenerweg.de\/wp-content\/uploads\/2025\/05\/IMG_9426.jpeg 1000w\" sizes=\"auto, (max-width: 300px) 100vw, 300px\" \/><\/a><\/p>\n<p>&nbsp;<\/p>\n<p>Tag 31<\/p>\n<p>Aus einem Regentag wird ein Waschtag &#8211; der W\u00e4schekorb quillt \u00fcber.<\/p>\n<p>Nachmittags wird das Wetter wieder trocken und wir fahren mit den R\u00e4dern nach Str\u00f6mstadt und machen eine kleinen Bummel durch das 15000 Einwohner z\u00e4hlende \u00d6rtchen.<\/p>\n<p>Den Rest des Tages genie\u00dfen wir ruhig und entspannt in Bj\u00e4lver\u00f6d am Kosterfjord.<br \/>\n<a href=\"http:\/\/blog.meineigenerweg.de\/wp-content\/uploads\/2025\/06\/IMG_9429.jpeg\"><img loading=\"lazy\" decoding=\"async\" class=\"alignnone size-medium wp-image-10554\" src=\"http:\/\/blog.meineigenerweg.de\/wp-content\/uploads\/2025\/06\/IMG_9429-300x225.jpeg\" alt=\"\" width=\"300\" height=\"225\" srcset=\"http:\/\/blog.meineigenerweg.de\/wp-content\/uploads\/2025\/06\/IMG_9429-300x225.jpeg 300w, http:\/\/blog.meineigenerweg.de\/wp-content\/uploads\/2025\/06\/IMG_9429-768x576.jpeg 768w, http:\/\/blog.meineigenerweg.de\/wp-content\/uploads\/2025\/06\/IMG_9429.jpeg 1000w\" sizes=\"auto, (max-width: 300px) 100vw, 300px\" \/><\/a><\/p>\n<p>&nbsp;<\/p>\n<p>Tag 32<\/p>\n<p>Da ist sie, die Sonne und leuchtet von einem blauem Himmel! Da bleiben wir doch bis zum sp\u00e4ten Mittag und genie\u00dfen den Sonnenschein.<\/p>\n<p>Dann geht es weiter Richtung Kopenhagen. Kurz hinter Helsingborg bleiben wir in R\u00e5\u00e5 Vallet.<br \/>\n<a href=\"http:\/\/blog.meineigenerweg.de\/wp-content\/uploads\/2025\/05\/IMG_9432.jpeg\"><img loading=\"lazy\" decoding=\"async\" class=\"alignnone size-medium wp-image-10560\" src=\"http:\/\/blog.meineigenerweg.de\/wp-content\/uploads\/2025\/05\/IMG_9432-300x225.jpeg\" alt=\"\" width=\"300\" height=\"225\" srcset=\"http:\/\/blog.meineigenerweg.de\/wp-content\/uploads\/2025\/05\/IMG_9432-300x225.jpeg 300w, http:\/\/blog.meineigenerweg.de\/wp-content\/uploads\/2025\/05\/IMG_9432-768x576.jpeg 768w, http:\/\/blog.meineigenerweg.de\/wp-content\/uploads\/2025\/05\/IMG_9432.jpeg 1000w\" sizes=\"auto, (max-width: 300px) 100vw, 300px\" \/><\/a><\/p>\n<p>&nbsp;<\/p>\n<p>Tag 33<\/p>\n<p>Weiter geht es in Richtung Heimat. Mit der F\u00e4hre setzten wir von Helsingborg in Schweden nach Helsing\u00f8r in D\u00e4nemark \u00fcber. Nach kurzer Zeit sind wir auch schon in Kopenhagen.<\/p>\n<p>Ein Muss ist nat\u00fcrlich die kleine Meerjungfrau am Langelinje-Kai, die von Touristen hei\u00df umlagert ist, jeder will ein Foto mit ihr machen. Die Skulptur besteht aus Bronze und Granitstein und ist inspiriert von Hans Christian Andersens M\u00e4rchen \u00fcber die Meerjungfrau, die alles opfert, um mit dem jungen, sch\u00f6nen Prinzen an Land vereint zu sein.<br \/>\n<a href=\"http:\/\/blog.meineigenerweg.de\/wp-content\/uploads\/2025\/05\/IMG_9437.jpeg\"><img loading=\"lazy\" decoding=\"async\" class=\"alignnone size-medium wp-image-10563\" src=\"http:\/\/blog.meineigenerweg.de\/wp-content\/uploads\/2025\/05\/IMG_9437-300x225.jpeg\" alt=\"\" width=\"300\" height=\"225\" srcset=\"http:\/\/blog.meineigenerweg.de\/wp-content\/uploads\/2025\/05\/IMG_9437-300x225.jpeg 300w, http:\/\/blog.meineigenerweg.de\/wp-content\/uploads\/2025\/05\/IMG_9437-768x576.jpeg 768w, http:\/\/blog.meineigenerweg.de\/wp-content\/uploads\/2025\/05\/IMG_9437.jpeg 1000w\" sizes=\"auto, (max-width: 300px) 100vw, 300px\" \/><\/a><\/p>\n<p>Danach fahren wir noch in den historischen Hafen Nyhavn. Viele historische Segelschiffe liegen hier vor der malerischen Kulisse der bunten H\u00e4user.<br \/>\n<a href=\"http:\/\/blog.meineigenerweg.de\/wp-content\/uploads\/2025\/05\/IMG_9440.jpeg\"><img loading=\"lazy\" decoding=\"async\" class=\"alignnone size-medium wp-image-10567\" src=\"http:\/\/blog.meineigenerweg.de\/wp-content\/uploads\/2025\/05\/IMG_9440-300x225.jpeg\" alt=\"\" width=\"300\" height=\"225\" srcset=\"http:\/\/blog.meineigenerweg.de\/wp-content\/uploads\/2025\/05\/IMG_9440-300x225.jpeg 300w, http:\/\/blog.meineigenerweg.de\/wp-content\/uploads\/2025\/05\/IMG_9440-768x576.jpeg 768w, http:\/\/blog.meineigenerweg.de\/wp-content\/uploads\/2025\/05\/IMG_9440.jpeg 1000w\" sizes=\"auto, (max-width: 300px) 100vw, 300px\" \/><\/a><\/p>\n<p>&nbsp;<\/p>\n<p>Tag 34<\/p>\n<p>\u00dcber die Storeb\u00e6ltsbroen, die Gro\u00dfe Belt Br\u00fccke \u00fcber den Belt, eine Meerenge in D\u00e4nemark, geht es heute weiter. Die Br\u00fccke ist insgesamt 18 km lang und bis zu 254 mtr hoch.<br \/>\n<a href=\"http:\/\/blog.meineigenerweg.de\/wp-content\/uploads\/2025\/05\/IMG_9442.jpeg\"><img loading=\"lazy\" decoding=\"async\" class=\"alignnone size-medium wp-image-10572\" src=\"http:\/\/blog.meineigenerweg.de\/wp-content\/uploads\/2025\/05\/IMG_9442-300x225.jpeg\" alt=\"\" width=\"300\" height=\"225\" srcset=\"http:\/\/blog.meineigenerweg.de\/wp-content\/uploads\/2025\/05\/IMG_9442-300x225.jpeg 300w, http:\/\/blog.meineigenerweg.de\/wp-content\/uploads\/2025\/05\/IMG_9442-768x576.jpeg 768w, http:\/\/blog.meineigenerweg.de\/wp-content\/uploads\/2025\/05\/IMG_9442.jpeg 1000w\" sizes=\"auto, (max-width: 300px) 100vw, 300px\" \/><\/a><\/p>\n<p>Durch Zufall werden wir auf das Trapholt Museum of Modern Art and Design in Kolding aufmerksam, eine gute Gelekenheit f\u00fcr eine kleine Pause. Aber die \u00dcberraschung ist gro\u00df, es ist ein super fantastisches Museum.<br \/>\n<a href=\"http:\/\/blog.meineigenerweg.de\/wp-content\/uploads\/2025\/05\/IMG_9445.jpeg\"><img loading=\"lazy\" decoding=\"async\" class=\"alignnone size-medium wp-image-10574\" src=\"http:\/\/blog.meineigenerweg.de\/wp-content\/uploads\/2025\/05\/IMG_9445-300x225.jpeg\" alt=\"\" width=\"300\" height=\"225\" srcset=\"http:\/\/blog.meineigenerweg.de\/wp-content\/uploads\/2025\/05\/IMG_9445-300x225.jpeg 300w, http:\/\/blog.meineigenerweg.de\/wp-content\/uploads\/2025\/05\/IMG_9445-768x576.jpeg 768w, http:\/\/blog.meineigenerweg.de\/wp-content\/uploads\/2025\/05\/IMG_9445.jpeg 1000w\" sizes=\"auto, (max-width: 300px) 100vw, 300px\" \/><\/a> <a href=\"http:\/\/blog.meineigenerweg.de\/wp-content\/uploads\/2025\/05\/IMG_9447.jpeg\"><img loading=\"lazy\" decoding=\"async\" class=\"alignnone size-medium wp-image-10575\" src=\"http:\/\/blog.meineigenerweg.de\/wp-content\/uploads\/2025\/05\/IMG_9447-300x225.jpeg\" alt=\"\" width=\"300\" height=\"225\" srcset=\"http:\/\/blog.meineigenerweg.de\/wp-content\/uploads\/2025\/05\/IMG_9447-300x225.jpeg 300w, http:\/\/blog.meineigenerweg.de\/wp-content\/uploads\/2025\/05\/IMG_9447-768x576.jpeg 768w, http:\/\/blog.meineigenerweg.de\/wp-content\/uploads\/2025\/05\/IMG_9447.jpeg 1000w\" sizes=\"auto, (max-width: 300px) 100vw, 300px\" \/><\/a><br \/>\n<a href=\"http:\/\/blog.meineigenerweg.de\/wp-content\/uploads\/2025\/05\/IMG_9449.jpeg\"><img loading=\"lazy\" decoding=\"async\" class=\"alignnone size-medium wp-image-10576\" src=\"http:\/\/blog.meineigenerweg.de\/wp-content\/uploads\/2025\/05\/IMG_9449-225x300.jpeg\" alt=\"\" width=\"225\" height=\"300\" srcset=\"http:\/\/blog.meineigenerweg.de\/wp-content\/uploads\/2025\/05\/IMG_9449-225x300.jpeg 225w, http:\/\/blog.meineigenerweg.de\/wp-content\/uploads\/2025\/05\/IMG_9449.jpeg 750w\" sizes=\"auto, (max-width: 225px) 100vw, 225px\" \/><\/a><br \/>\nAm beeindruckendsten fanden wir die T\u00fccher, die in einem Windhauch tanzten wie zwei T\u00e4nzer:innen<br \/>\n<a href=\"http:\/\/blog.meineigenerweg.de\/wp-content\/uploads\/2025\/06\/IMG_9452.jpeg\"><img loading=\"lazy\" decoding=\"async\" class=\"alignnone size-medium wp-image-10578\" src=\"http:\/\/blog.meineigenerweg.de\/wp-content\/uploads\/2025\/06\/IMG_9452-300x225.jpeg\" alt=\"\" width=\"300\" height=\"225\" srcset=\"http:\/\/blog.meineigenerweg.de\/wp-content\/uploads\/2025\/06\/IMG_9452-300x225.jpeg 300w, http:\/\/blog.meineigenerweg.de\/wp-content\/uploads\/2025\/06\/IMG_9452-768x576.jpeg 768w, http:\/\/blog.meineigenerweg.de\/wp-content\/uploads\/2025\/06\/IMG_9452.jpeg 1000w\" sizes=\"auto, (max-width: 300px) 100vw, 300px\" \/>\u00a0<\/a><br \/>\n<a href=\"http:\/\/blog.meineigenerweg.de\/wp-content\/uploads\/2025\/06\/IMG_7549.mov\">Video<\/a><\/p>\n<p>&nbsp;<\/p>\n<p>Tag 35<\/p>\n<p>Nachdem wir den Stau vor, in und um Hamburg geschafft haben sind wir wieder gut zuhause angekommen.<\/p>\n","protected":false},"excerpt":{"rendered":"<p>so sah die Planung aus &nbsp; Tag 1 Urlaub ist ja fast wie Weihnachten. Erst kommt es einem unheimlich lang vor, bis es soweit ist, und dann sind die letzten Tage vor Abfahrt da und man muss noch tausend Sachen vorher erledigen. Aber wir haben es geschafft und sitzen endlich<\/p>\n","protected":false},"author":1,"featured_media":0,"comment_status":"closed","ping_status":"closed","sticky":false,"template":"","format":"standard","meta":{"footnotes":""},"categories":[1],"tags":[],"class_list":["post-10291","post","type-post","status-publish","format-standard","hentry","category-allgemein"],"_links":{"self":[{"href":"http:\/\/blog.meineigenerweg.de\/index.php?rest_route=\/wp\/v2\/posts\/10291","targetHints":{"allow":["GET"]}}],"collection":[{"href":"http:\/\/blog.meineigenerweg.de\/index.php?rest_route=\/wp\/v2\/posts"}],"about":[{"href":"http:\/\/blog.meineigenerweg.de\/index.php?rest_route=\/wp\/v2\/types\/post"}],"author":[{"embeddable":true,"href":"http:\/\/blog.meineigenerweg.de\/index.php?rest_route=\/wp\/v2\/users\/1"}],"replies":[{"embeddable":true,"href":"http:\/\/blog.meineigenerweg.de\/index.php?rest_route=%2Fwp%2Fv2%2Fcomments&post=10291"}],"version-history":[{"count":146,"href":"http:\/\/blog.meineigenerweg.de\/index.php?rest_route=\/wp\/v2\/posts\/10291\/revisions"}],"predecessor-version":[{"id":10606,"href":"http:\/\/blog.meineigenerweg.de\/index.php?rest_route=\/wp\/v2\/posts\/10291\/revisions\/10606"}],"wp:attachment":[{"href":"http:\/\/blog.meineigenerweg.de\/index.php?rest_route=%2Fwp%2Fv2%2Fmedia&parent=10291"}],"wp:term":[{"taxonomy":"category","embeddable":true,"href":"http:\/\/blog.meineigenerweg.de\/index.php?rest_route=%2Fwp%2Fv2%2Fcategories&post=10291"},{"taxonomy":"post_tag","embeddable":true,"href":"http:\/\/blog.meineigenerweg.de\/index.php?rest_route=%2Fwp%2Fv2%2Ftags&post=10291"}],"curies":[{"name":"wp","href":"https:\/\/api.w.org\/{rel}","templated":true}]}}